{"id":402,"date":"2025-08-26T16:04:55","date_gmt":"2025-08-26T16:04:55","guid":{"rendered":"https:\/\/muzeul.uaic.ro\/?p=402"},"modified":"2025-08-26T17:11:00","modified_gmt":"2025-08-26T17:11:00","slug":"expozitia-temporara-insemne-heraldice-din-colectii-romanesti","status":"publish","type":"post","link":"https:\/\/muzeul.uaic.ro\/index.php\/2025\/08\/26\/expozitia-temporara-insemne-heraldice-din-colectii-romanesti\/","title":{"rendered":"Expozi\u021bia temporar\u0103 \u201e\u00censemne heraldice din colec\u021bii rom\u00e2ne\u0219ti\u201d"},"content":{"rendered":"<div class=\"xdj266r x14z9mp xat24cr x1lziwak x1vvkbs x126k92a\">\n<div dir=\"auto\"><\/div>\n<\/div>\n<div class=\"x14z9mp xat24cr x1lziwak x1vvkbs xtlvy1s x126k92a\">\n<div dir=\"auto\">\u00cen perioada 26 august \u2013 26 octombrie 2025, la sediul Muzeului Universit\u0103\u021bii \u201eAlexandru Ioan Cuza\u201d din Ia\u0219i (Strada Titu Maiorescu 12), se va putea vizita o expozi\u0163ia \u201e\u00censemne heraldice din colec\u021bii rom\u00e2ne\u0219ti\u201d, organizat\u0103 \u00een colaborare cu Filiala Ia\u015fi a Arhivelor Na\u0163ionale ale Rom\u00e2niei, precum \u0219i cu Asocia\u0163ia de Heraldic\u0103 \u015fi Vexilologie din Transilvania.<\/div>\n<div dir=\"auto\">Pornind de la specificul colec\u021biilor de\u021binute de fiecare entitate partener\u0103, expozi\u021bia are o dubl\u0103 dimensiune: pe de o parte, manuscrisele \u0219i impresiunile sigilare provenite din bogatele fonduri arhivistice ale Ia\u0219ului pun \u00een lumin\u0103 uzan\u021bele heraldice ale spa\u021biului extra-carpatic (\u00eendeosebi din Principatul Moldovei), un spa\u021biu de cultur\u0103 ortodox\u0103, deschis c\u0103tre influen\u021bele r\u0103s\u0103ritene, dar totu\u0219i deschis c\u0103tre fenomenul heraldic central-european; pe de alt\u0103 parte, reproducerile dup\u0103 opera heraldic\u0103 a lui J\u00f3zsef Sebesty\u00e9n de Ke\u00f6peczi (1878-1964) constituie un excelent instrument de \u00een\u021belegere a specificului armorial din Transilvania \u2013 parte integrant\u0103 a fenomenului heraldic central-european.<\/div>\n<div dir=\"auto\">Tot astfel, \u00een vreme ce materialul arhivistic ie\u0219ean pune \u00een eviden\u021b\u0103 o viziune mereu capricioas\u0103 asupra heraldicii, dar \u0219i o art\u0103 care are farmecul ei incontestabil (\u00eendeosebi pentru perioada dinaintea secolului 19), desenele lui J\u00f3zsef Sebesty\u00e9n de Ke\u00f6peczi aduc o cert\u0103 rigoare artistic\u0103, precum \u0219i un stil care ar fi meritat s\u0103 fie promovat mai mult \u00een Occident. Pe de alt\u0103 parte, compozi\u021biile celui din urm\u0103 sunt interesante \u0219i pentru c\u0103 ilustreaz\u0103 steme mai vechi, de regul\u0103 acordate \u00een secolul 17, aceste compozi\u021bii ar\u0103t\u00e2nd privitorului un specific intra-carpatic.<\/div>\n<div dir=\"auto\">Aceast\u0103 dubl\u0103 dimensiune expozi\u021bional\u0103 prezint\u0103 avantajul acoperirii \u00eentregii cronologii a heraldicii \u2013 \u00een spa\u021biul Rom\u00e2niei de ast\u0103zi: din Evul Mediu p\u00e2n\u0103 \u00een Perioada Contemporan\u0103. Pentru c\u0103 tot J\u00f3zsef Sebesty\u00e9n de Ke\u00f6peczi a fost cel care, \u00een 1921, a desenat, la invita\u021bia Regelui Ferdinand I \u0219i a Reginei Maria, stema de stat a Regatului Rom\u00e2niei de dup\u0103 Primul R\u0103zboi Mondial. Cu stema desenat\u0103 de el se \u00eencheie o evolu\u021bie care a \u00eenceput \u00een pece\u021bile \u0219i hrisoavele voievozilor Moldovei \u0219i ai Valahiei, iar stema desenat\u0103 de el a fost preluat\u0103, cu unele modific\u0103ri, de c\u0103tre Rom\u00e2nia actual\u0103.<\/div>\n<\/div>\n<div dir=\"auto\" style=\"text-align: center;\">***<\/div>\n<div class=\"x14z9mp xat24cr x1lziwak x1vvkbs xtlvy1s x126k92a\">\n<div dir=\"auto\">TEMPORARY EXHIBITION \u201cHERALDIC SYMBOLS FROM ROMANIAN COLLECTIONS\u201d<\/div>\n<\/div>\n<div class=\"x14z9mp xat24cr x1lziwak x1vvkbs xtlvy1s x126k92a\">\n<div dir=\"auto\">From 26 August to 26 October 2025, at the headquarters of the \u201cAlexandru Ioan Cuza\u201d University Museum in Ia\u0219i (Strada Titu Maiorescu nr. 12), visitors will be able to view an exhibition entitled \u201cHeraldic symbols from Romanian collections\u201d, organized in collaboration with the Ia\u0219i Branch of the National Archives of Romania and the Association of Heraldry and Vexillology of Transylvania.<\/div>\n<div dir=\"auto\">Based on the specific collections held by each partner entity, the exhibition has a dual dimension: on the one hand, the manuscripts and seal impressions from the rich archival funds of Ia\u0219i highlight the heraldic customs of the extra-Carpathian space (especially from the Principality of Moldavia), an area of Orthodox culture, open to Eastern influences, but also open to the Central European heraldic phenomenon; on the other hand, the reproductions of the heraldic work of J\u00f3zsef Sebesty\u00e9n de Ke\u00f6peczi (1878-1964) are an excellent tool for understanding the specific nature of the armorial of Transylvania \u2013 an integral part of the Central European heraldic phenomenon.<\/div>\n<div dir=\"auto\">Similarly, while the archival material from Ia\u0219i highlights an ever-capricious view of heraldry, but also an art form with undeniable charm (especially for the period before the 19th century), J\u00f3zsef Sebesty\u00e9n de Ke\u00f6peczi\u2019s drawings bring a certain artistic rigor, as well as a style that deserved to be promoted more in the West. On the other hand, the latter\u2019s compositions are also interesting because they illustrate older coats of arms, usually granted in the 17th century, showing the viewer a specific intra-Carpathian feature.<\/div>\n<div dir=\"auto\">This dual exhibition dimension has the advantage of covering the entire chronology of heraldry in present-day Romania: from the Middle Ages to the Contemporary Period. It was J\u00f3zsef Sebesty\u00e9n de Ke\u00f6peczi who, in 1921, at the invitation of King Ferdinand I and Queen Marie, designed the state coat of arms of the Kingdom of Romania after the First World War. The coat of arms he designed marks the end of an evolution that began with the seals and charters of the voivodes of Moldavia and Wallachia, and his coat of arms was adopted, with some inevitable modifications, by present-day Romania.<\/div>\n<\/div>\n<p>&nbsp;<\/p>\n<p><img loading=\"lazy\" class=\"aligncenter wp-image-401 size-large\" src=\"https:\/\/muzeul.uaic.ro\/wp-content\/uploads\/2025\/08\/afis-insemne-heraldice-din-colectii-romanesti_compressed_page-0001-1024x724.jpg\" alt=\"\" width=\"1024\" height=\"724\" srcset=\"https:\/\/muzeul.uaic.ro\/wp-content\/uploads\/2025\/08\/afis-insemne-heraldice-din-colectii-romanesti_compressed_page-0001-1024x724.jpg 1024w, https:\/\/muzeul.uaic.ro\/wp-content\/uploads\/2025\/08\/afis-insemne-heraldice-din-colectii-romanesti_compressed_page-0001-300x212.jpg 300w, https:\/\/muzeul.uaic.ro\/wp-content\/uploads\/2025\/08\/afis-insemne-heraldice-din-colectii-romanesti_compressed_page-0001-768x543.jpg 768w, https:\/\/muzeul.uaic.ro\/wp-content\/uploads\/2025\/08\/afis-insemne-heraldice-din-colectii-romanesti_compressed_page-0001-1536x1086.jpg 1536w\" sizes=\"(max-width: 1024px) 100vw, 1024px\" \/><\/p>\n","protected":false},"excerpt":{"rendered":"<p>\u00cen perioada 26 august \u2013 26 octombrie 2025, la sediul Muzeului Universit\u0103\u021bii \u201eAlexandru Ioan Cuza\u201d din Ia\u0219i (Strada Titu Maiorescu 12), se va putea vizita o expozi\u0163ia \u201e\u00censemne heraldice din colec\u021bii rom\u00e2ne\u0219ti\u201d, organizat\u0103 \u00een colaborare cu Filiala Ia\u015fi a Arhivelor [&hellip;]<\/p>\n","protected":false},"author":2,"featured_media":0,"comment_status":"open","ping_status":"open","sticky":false,"template":"","format":"standard","meta":[],"categories":[4],"tags":[],"_links":{"self":[{"href":"https:\/\/muzeul.uaic.ro\/index.php\/wp-json\/wp\/v2\/posts\/402"}],"collection":[{"href":"https:\/\/muzeul.uaic.ro\/index.php\/wp-json\/wp\/v2\/posts"}],"about":[{"href":"https:\/\/muzeul.uaic.ro\/index.php\/wp-json\/wp\/v2\/types\/post"}],"author":[{"embeddable":true,"href":"https:\/\/muzeul.uaic.ro\/index.php\/wp-json\/wp\/v2\/users\/2"}],"replies":[{"embeddable":true,"href":"https:\/\/muzeul.uaic.ro\/index.php\/wp-json\/wp\/v2\/comments?post=402"}],"version-history":[{"count":5,"href":"https:\/\/muzeul.uaic.ro\/index.php\/wp-json\/wp\/v2\/posts\/402\/revisions"}],"predecessor-version":[{"id":407,"href":"https:\/\/muzeul.uaic.ro\/index.php\/wp-json\/wp\/v2\/posts\/402\/revisions\/407"}],"wp:attachment":[{"href":"https:\/\/muzeul.uaic.ro\/index.php\/wp-json\/wp\/v2\/media?parent=402"}],"wp:term":[{"taxonomy":"category","embeddable":true,"href":"https:\/\/muzeul.uaic.ro\/index.php\/wp-json\/wp\/v2\/categories?post=402"},{"taxonomy":"post_tag","embeddable":true,"href":"https:\/\/muzeul.uaic.ro\/index.php\/wp-json\/wp\/v2\/tags?post=402"}],"curies":[{"name":"wp","href":"https:\/\/api.w.org\/{rel}","templated":true}]}}