{"id":396,"date":"2025-03-17T09:42:49","date_gmt":"2025-03-17T09:42:49","guid":{"rendered":"https:\/\/muzeul.uaic.ro\/?p=396"},"modified":"2025-04-07T06:47:40","modified_gmt":"2025-04-07T06:47:40","slug":"visages-de-la-francophonie-studiul-limbii-la-franceze-la-universitatea-din-iasi-dupa-1990","status":"publish","type":"post","link":"https:\/\/muzeul.uaic.ro\/index.php\/2025\/03\/17\/visages-de-la-francophonie-studiul-limbii-la-franceze-la-universitatea-din-iasi-dupa-1990\/","title":{"rendered":"Visages de la Francophonie. Studiul limbii la franceze la Universitatea din Ia\u0219i dup\u0103 1990"},"content":{"rendered":"<div class=\"xdj266r x11i5rnm xat24cr x1mh8g0r x1vvkbs x126k92a\">\n<div dir=\"auto\">Muzeul Universit\u0103\u021bii \u201eAlexandru Ioan Cuza\u201d din Ia\u0219i \u0219i Catedra de Limba \u0219i Literatura Francez\u0103 a Facult\u0103\u021bii de Litere v\u0103 invit\u0103 la vernisajul expozi\u021biei \u201eVisages de la Francophonie. Studiul limbii la franceze la Universitatea din Ia\u0219i dup\u0103 1990\u201d, \u00een ziua de joi, 20 martie 2025, ora 15.00, \u00een Sala Central\u0103 a Muzeului Academic.<\/div>\n<\/div>\n<div class=\"x11i5rnm xat24cr x1mh8g0r x1vvkbs xtlvy1s x126k92a\">\n<div dir=\"auto\">Expozi\u021bia prezint\u0103 activitatea Catedrei de Limba \u0219i Literatura Francez\u0103 din cadrul Universit\u0103\u021bii din Ia\u0219i dup\u0103 1990 \u0219i cuprinde rezultatele activit\u0103\u021bilor de promovare a limbii franceze reflectat\u0103 prin evenimente culturale, didactice, de cercetare \u0219i \u0219tiin\u021bifice.<\/div>\n<div dir=\"auto\">Vor fi expuse lucr\u0103ri ale profesorilor, documente \u0219i coresponden\u021b\u0103, pres\u0103 \u0219i afi\u0219e, medalii \u0219i diplome ce ilustreaz\u0103 performan\u021ba Catedrei de limba \u0219i literatura francez\u0103. De asemenea, vor fi expuse fragmente din istoria \u0219i activitatea trupei de teatru \u201ePluriel\u201d, coordonat\u0103 de c\u0103tre profesori.<\/div>\n<\/div>\n<div class=\"x11i5rnm xat24cr x1mh8g0r x1vvkbs xtlvy1s x126k92a\">\n<div dir=\"auto\">Invita\u021bi: Profesor Emerit dr. Marina Mure\u0219anu \u0219i conf.univ.dr. Anca Cristina Petra\u0219 (Catedra de Limba \u0219i Literatura Francez\u0103, Universitatea \u201eAlexandru Ioan Cuza\u201d din Ia\u0219i).<\/div>\n<\/div>\n<div class=\"x11i5rnm xat24cr x1mh8g0r x1vvkbs xtlvy1s x126k92a\">\n<div dir=\"auto\">Curatori: Muzeograf Iana Balan, muzeograf Petronela-Raluca Buruian\u0103<\/div>\n<\/div>\n<div class=\"x11i5rnm xat24cr x1mh8g0r x1vvkbs xtlvy1s x126k92a\">\n<div dir=\"auto\">Moment artistic sus\u021binut de Corala \u201eUNIVERSITAS\u201d de la 15.30.<\/div>\n<div dir=\"auto\">Dirijor: Florin David<\/div>\n<div dir=\"auto\">Coordonatori: Gabriela En\u0103\u0219escu \u0219i lector univ. dr. pr. Ionu\u021b-Gabriel Nastas\u0103<\/div>\n<div dir=\"auto\"><img loading=\"lazy\" class=\"aligncenter wp-image-397 size-large\" src=\"https:\/\/muzeul.uaic.ro\/wp-content\/uploads\/2025\/04\/visages-819x1024.jpg\" alt=\"\" width=\"819\" height=\"1024\" srcset=\"https:\/\/muzeul.uaic.ro\/wp-content\/uploads\/2025\/04\/visages-819x1024.jpg 819w, https:\/\/muzeul.uaic.ro\/wp-content\/uploads\/2025\/04\/visages-240x300.jpg 240w, https:\/\/muzeul.uaic.ro\/wp-content\/uploads\/2025\/04\/visages-768x960.jpg 768w, https:\/\/muzeul.uaic.ro\/wp-content\/uploads\/2025\/04\/visages.jpg 1152w\" sizes=\"(max-width: 819px) 100vw, 819px\" \/><\/div>\n<\/div>\n","protected":false},"excerpt":{"rendered":"<p>Muzeul Universit\u0103\u021bii \u201eAlexandru Ioan Cuza\u201d din Ia\u0219i \u0219i Catedra de Limba \u0219i Literatura Francez\u0103 a Facult\u0103\u021bii de Litere v\u0103 invit\u0103 la vernisajul expozi\u021biei \u201eVisages de la Francophonie. Studiul limbii la franceze la Universitatea din Ia\u0219i dup\u0103 1990\u201d, \u00een ziua de [&hellip;]<\/p>\n","protected":false},"author":2,"featured_media":0,"comment_status":"open","ping_status":"open","sticky":false,"template":"","format":"standard","meta":[],"categories":[4],"tags":[],"_links":{"self":[{"href":"https:\/\/muzeul.uaic.ro\/index.php\/wp-json\/wp\/v2\/posts\/396"}],"collection":[{"href":"https:\/\/muzeul.uaic.ro\/index.php\/wp-json\/wp\/v2\/posts"}],"about":[{"href":"https:\/\/muzeul.uaic.ro\/index.php\/wp-json\/wp\/v2\/types\/post"}],"author":[{"embeddable":true,"href":"https:\/\/muzeul.uaic.ro\/index.php\/wp-json\/wp\/v2\/users\/2"}],"replies":[{"embeddable":true,"href":"https:\/\/muzeul.uaic.ro\/index.php\/wp-json\/wp\/v2\/comments?post=396"}],"version-history":[{"count":1,"href":"https:\/\/muzeul.uaic.ro\/index.php\/wp-json\/wp\/v2\/posts\/396\/revisions"}],"predecessor-version":[{"id":398,"href":"https:\/\/muzeul.uaic.ro\/index.php\/wp-json\/wp\/v2\/posts\/396\/revisions\/398"}],"wp:attachment":[{"href":"https:\/\/muzeul.uaic.ro\/index.php\/wp-json\/wp\/v2\/media?parent=396"}],"wp:term":[{"taxonomy":"category","embeddable":true,"href":"https:\/\/muzeul.uaic.ro\/index.php\/wp-json\/wp\/v2\/categories?post=396"},{"taxonomy":"post_tag","embeddable":true,"href":"https:\/\/muzeul.uaic.ro\/index.php\/wp-json\/wp\/v2\/tags?post=396"}],"curies":[{"name":"wp","href":"https:\/\/api.w.org\/{rel}","templated":true}]}}