{"id":393,"date":"2024-12-18T10:34:56","date_gmt":"2024-12-18T10:34:56","guid":{"rendered":"https:\/\/muzeul.uaic.ro\/?p=393"},"modified":"2025-04-07T06:38:53","modified_gmt":"2025-04-07T06:38:53","slug":"expozitia-temporara-amurgul-zeitelor","status":"publish","type":"post","link":"https:\/\/muzeul.uaic.ro\/index.php\/2024\/12\/18\/expozitia-temporara-amurgul-zeitelor\/","title":{"rendered":"Expozi\u021bia temporar\u0103 \u201eAmurgul zei\u021belor\u201d"},"content":{"rendered":"<div dir=\"auto\">Muzeul Universit\u0103\u021bii v\u0103 invit\u0103, \u00een perioada 18 decembrie 2024-31 ianuarie 2025, s\u0103 vizita\u021bi expozi\u021bia \u201e\ud835\uddd4\ud835\uddfa\ud835\ude02\ud835\uddff\ud835\uddf4\ud835\ude02\ud835\uddf9 \ud835\ude07\ud835\uddf2\ud835\uddf6\ud835\ude01\u0326\ud835\uddf2\ud835\uddf9\ud835\uddfc\ud835\uddff. \ud835\udde3\ud835\uddf6\ud835\uddf2\ud835\ude00\ud835\uddf2 \ud835\uddee\ud835\uddfb\ud835\ude01\ud835\uddff\ud835\uddfc\ud835\uddfd\ud835\uddfc\ud835\uddfa\ud835\uddfc\ud835\uddff\ud835\uddf3\ud835\uddf2 \ud835\uddf3\ud835\uddff\ud835\uddee\ud835\uddf4\ud835\uddfa\ud835\uddf2\ud835\uddfb\ud835\ude01\ud835\uddee\ud835\uddff\ud835\uddf2 \ud835\uddf1\ud835\uddf6\ud835\uddfb \ud835\ude00\ud835\uddf6\ud835\ude01\ud835\ude02\ud835\uddf9 \ud835\uddf2\ud835\uddfb\ud835\uddf2\ud835\uddfc\ud835\uddf9\ud835\uddf6\ud835\ude01\ud835\uddf6\ud835\uddf0 \ud835\uddf1\ud835\uddf2 \ud835\uddf9\ud835\uddee \ud835\udde5\ud835\ude02\ud835\ude00\ud835\uddee\u0306\ud835\uddf6\ud835\uddf2\ud835\ude00\u0326\ud835\ude01\ud835\uddf6-\ud835\udde3\ud835\uddfc\ud835\uddf1\ud835\ude02\ud835\uddff\ud835\uddf6\u201d.<\/div>\n<div dir=\"auto\">Pe l\u00e2ng\u0103 piesele bine conservate sau restaurate, \u00een depozitul muzeului se afl\u0103 o serie de artefacte provenind din importantul \ud835\udc61\ud835\udc52\ud835\udc59\ud835\udc59 eneolitic de la Poduri, \u0219i pe care restauratorii nu le mai pot readuce la forma ini\u021bial\u0103 f\u0103r\u0103 s\u0103 apeleze la o doz\u0103 de imagina\u021bie ce dep\u0103\u0219e\u0219te limitele trasate de procedeele \u0219tiin\u021bifice. Materialele reflect\u0103 at\u00e2t abunden\u021ba materialului arheologic din sit, c\u00e2t \u0219i frecven\u021ba pieselor antropomorfe. Acestea din urm\u0103 sunt m\u0103rturii ale unei civiliza\u021bii pentru care aspectele spirituale erau fibra constitutiv\u0103 a unui stil de via\u021b\u0103 acum apus. Statuetele expuse au forme \u0219i decoruri variate \u0219i au suferit din vechime degrad\u0103ri, arderi \u0219i distrugeri (posibil inten\u021bionate!). Exponatele pot prinde contur deplin dac\u0103 vizitatorii vor binevoi s\u0103 le priveasc\u0103 cu ochii min\u021bii.<\/div>\n<div dir=\"auto\">V\u0103 a\u0219tept\u0103m!<\/div>\n<div dir=\"auto\"><img loading=\"lazy\" class=\"aligncenter wp-image-394 size-large\" src=\"https:\/\/muzeul.uaic.ro\/wp-content\/uploads\/2025\/04\/expodecembrie2-724x1024.jpg\" alt=\"\" width=\"724\" height=\"1024\" srcset=\"https:\/\/muzeul.uaic.ro\/wp-content\/uploads\/2025\/04\/expodecembrie2-724x1024.jpg 724w, https:\/\/muzeul.uaic.ro\/wp-content\/uploads\/2025\/04\/expodecembrie2-212x300.jpg 212w, https:\/\/muzeul.uaic.ro\/wp-content\/uploads\/2025\/04\/expodecembrie2-768x1086.jpg 768w, https:\/\/muzeul.uaic.ro\/wp-content\/uploads\/2025\/04\/expodecembrie2-1086x1536.jpg 1086w, https:\/\/muzeul.uaic.ro\/wp-content\/uploads\/2025\/04\/expodecembrie2.jpg 1448w\" sizes=\"(max-width: 724px) 100vw, 724px\" \/><\/div>\n","protected":false},"excerpt":{"rendered":"<p>Muzeul Universit\u0103\u021bii v\u0103 invit\u0103, \u00een perioada 18 decembrie 2024-31 ianuarie 2025, s\u0103 vizita\u021bi expozi\u021bia \u201e\ud835\uddd4\ud835\uddfa\ud835\ude02\ud835\uddff\ud835\uddf4\ud835\ude02\ud835\uddf9 \ud835\ude07\ud835\uddf2\ud835\uddf6\ud835\ude01\u0326\ud835\uddf2\ud835\uddf9\ud835\uddfc\ud835\uddff. \ud835\udde3\ud835\uddf6\ud835\uddf2\ud835\ude00\ud835\uddf2 \ud835\uddee\ud835\uddfb\ud835\ude01\ud835\uddff\ud835\uddfc\ud835\uddfd\ud835\uddfc\ud835\uddfa\ud835\uddfc\ud835\uddff\ud835\uddf3\ud835\uddf2 \ud835\uddf3\ud835\uddff\ud835\uddee\ud835\uddf4\ud835\uddfa\ud835\uddf2\ud835\uddfb\ud835\ude01\ud835\uddee\ud835\uddff\ud835\uddf2 \ud835\uddf1\ud835\uddf6\ud835\uddfb \ud835\ude00\ud835\uddf6\ud835\ude01\ud835\ude02\ud835\uddf9 \ud835\uddf2\ud835\uddfb\ud835\uddf2\ud835\uddfc\ud835\uddf9\ud835\uddf6\ud835\ude01\ud835\uddf6\ud835\uddf0 \ud835\uddf1\ud835\uddf2 \ud835\uddf9\ud835\uddee \ud835\udde5\ud835\ude02\ud835\ude00\ud835\uddee\u0306\ud835\uddf6\ud835\uddf2\ud835\ude00\u0326\ud835\ude01\ud835\uddf6-\ud835\udde3\ud835\uddfc\ud835\uddf1\ud835\ude02\ud835\uddff\ud835\uddf6\u201d. Pe l\u00e2ng\u0103 piesele bine conservate sau restaurate, \u00een depozitul muzeului se afl\u0103 o serie de [&hellip;]<\/p>\n","protected":false},"author":2,"featured_media":0,"comment_status":"open","ping_status":"open","sticky":false,"template":"","format":"standard","meta":[],"categories":[4],"tags":[],"_links":{"self":[{"href":"https:\/\/muzeul.uaic.ro\/index.php\/wp-json\/wp\/v2\/posts\/393"}],"collection":[{"href":"https:\/\/muzeul.uaic.ro\/index.php\/wp-json\/wp\/v2\/posts"}],"about":[{"href":"https:\/\/muzeul.uaic.ro\/index.php\/wp-json\/wp\/v2\/types\/post"}],"author":[{"embeddable":true,"href":"https:\/\/muzeul.uaic.ro\/index.php\/wp-json\/wp\/v2\/users\/2"}],"replies":[{"embeddable":true,"href":"https:\/\/muzeul.uaic.ro\/index.php\/wp-json\/wp\/v2\/comments?post=393"}],"version-history":[{"count":1,"href":"https:\/\/muzeul.uaic.ro\/index.php\/wp-json\/wp\/v2\/posts\/393\/revisions"}],"predecessor-version":[{"id":395,"href":"https:\/\/muzeul.uaic.ro\/index.php\/wp-json\/wp\/v2\/posts\/393\/revisions\/395"}],"wp:attachment":[{"href":"https:\/\/muzeul.uaic.ro\/index.php\/wp-json\/wp\/v2\/media?parent=393"}],"wp:term":[{"taxonomy":"category","embeddable":true,"href":"https:\/\/muzeul.uaic.ro\/index.php\/wp-json\/wp\/v2\/categories?post=393"},{"taxonomy":"post_tag","embeddable":true,"href":"https:\/\/muzeul.uaic.ro\/index.php\/wp-json\/wp\/v2\/tags?post=393"}],"curies":[{"name":"wp","href":"https:\/\/api.w.org\/{rel}","templated":true}]}}