{"id":374,"date":"2024-03-05T08:55:29","date_gmt":"2024-03-05T08:55:29","guid":{"rendered":"https:\/\/muzeul.uaic.ro\/?p=374"},"modified":"2024-03-05T08:56:50","modified_gmt":"2024-03-05T08:56:50","slug":"expozitia-temporara-vera-myller-prima-femeie-profesor-universitar-din-romania","status":"publish","type":"post","link":"https:\/\/muzeul.uaic.ro\/index.php\/2024\/03\/05\/expozitia-temporara-vera-myller-prima-femeie-profesor-universitar-din-romania\/","title":{"rendered":"Expozi\u021bia temporar\u0103 \u201eVera Myller. Prima femeie profesor universitar din Rom\u00e2nia\u201d"},"content":{"rendered":"<div class=\"xdj266r x11i5rnm xat24cr x1mh8g0r x1vvkbs x126k92a\">\n<div dir=\"auto\">Muzeul Universit\u0103\u021bii v\u0103 invit\u0103 la vernisajul expozi\u021biei \u201e\ud835\ude51\ud835\ude5a\ud835\ude67\ud835\ude56 \ud835\ude48\ud835\ude6e\ud835\ude61\ud835\ude61\ud835\ude5a\ud835\ude67. \ud835\udc77\ud835\ude67\ud835\ude5e\ud835\ude62\ud835\ude56 \ud835\ude5b\ud835\ude5a\ud835\ude62\ud835\ude5a\ud835\ude5e\ud835\ude5a \ud835\ude65\ud835\ude67\ud835\ude64\ud835\ude5b\ud835\ude5a\ud835\ude68\ud835\ude64\ud835\ude67 \ud835\ude6a\ud835\ude63\ud835\ude5e\ud835\ude6b\ud835\ude5a\ud835\ude67\ud835\ude68\ud835\ude5e\ud835\ude69\ud835\ude56\ud835\ude67 \ud835\ude59\ud835\ude5e\ud835\ude63 \ud835\ude4d\ud835\ude64\ud835\ude62\ud835\ude56\u0302\ud835\ude63\ud835\ude5e\ud835\ude56\u201d \u00een ziua de joi, 7 martie 2024, ora 14, \u00een sala Central\u0103 a Muzeului Academic.<\/div>\n<div dir=\"auto\">Expozi\u021bia cuprinde documente \u0219i fotografii referitoare la via\u021ba, studiile \u0219i activitatea academic\u0103 din cadrul Universit\u0103\u021bii din Ia\u0219i. Bunurile expuse fac parte din patrimoniul Muzeului Universit\u0103\u021bii, al Arhivelor Na\u021bionale Ia\u0219i \u0219i al Seminarului Matematic \u201eAlexandru Myller\u201d.<\/div>\n<\/div>\n<div class=\"x11i5rnm xat24cr x1mh8g0r x1vvkbs xtlvy1s x126k92a\">\n<div dir=\"auto\">Invitat:<\/div>\n<ul>\n<li dir=\"auto\">dr. C\u0103t\u0103lin Boto\u0219ineanu, Arhivele Na\u021bionale Ia\u0219i<\/li>\n<\/ul>\n<div dir=\"auto\">Curatori expozi\u021bie:<\/div>\n<ul>\n<li dir=\"auto\">muzeograf dr. Petronela Buruian\u0103;<\/li>\n<li dir=\"auto\">muzeograf dr. Iana Balan<\/li>\n<\/ul>\n<\/div>\n<div class=\"x11i5rnm xat24cr x1mh8g0r x1vvkbs xtlvy1s x126k92a\">\n<div dir=\"auto\">Expozi\u021bia poate fi vizitat\u0103 p\u0103n\u0103 pe 31 martie 2024.<\/div>\n<\/div>\n<div class=\"x11i5rnm xat24cr x1mh8g0r x1vvkbs xtlvy1s x126k92a\">\n<div dir=\"auto\">V\u0103 a\u0219tept\u0103m!<\/div>\n<\/div>\n<div dir=\"auto\"><\/div>\n<div dir=\"auto\"><img loading=\"lazy\" class=\"aligncenter wp-image-376 size-large\" src=\"https:\/\/muzeul.uaic.ro\/wp-content\/uploads\/2024\/03\/vera-myller-724x1024.jpg\" alt=\"\" width=\"724\" height=\"1024\" srcset=\"https:\/\/muzeul.uaic.ro\/wp-content\/uploads\/2024\/03\/vera-myller-724x1024.jpg 724w, https:\/\/muzeul.uaic.ro\/wp-content\/uploads\/2024\/03\/vera-myller-212x300.jpg 212w, https:\/\/muzeul.uaic.ro\/wp-content\/uploads\/2024\/03\/vera-myller-768x1086.jpg 768w, https:\/\/muzeul.uaic.ro\/wp-content\/uploads\/2024\/03\/vera-myller.jpg 1018w\" sizes=\"(max-width: 724px) 100vw, 724px\" \/><\/div>\n","protected":false},"excerpt":{"rendered":"<p>Muzeul Universit\u0103\u021bii v\u0103 invit\u0103 la vernisajul expozi\u021biei \u201e\ud835\ude51\ud835\ude5a\ud835\ude67\ud835\ude56 \ud835\ude48\ud835\ude6e\ud835\ude61\ud835\ude61\ud835\ude5a\ud835\ude67. \ud835\udc77\ud835\ude67\ud835\ude5e\ud835\ude62\ud835\ude56 \ud835\ude5b\ud835\ude5a\ud835\ude62\ud835\ude5a\ud835\ude5e\ud835\ude5a \ud835\ude65\ud835\ude67\ud835\ude64\ud835\ude5b\ud835\ude5a\ud835\ude68\ud835\ude64\ud835\ude67 \ud835\ude6a\ud835\ude63\ud835\ude5e\ud835\ude6b\ud835\ude5a\ud835\ude67\ud835\ude68\ud835\ude5e\ud835\ude69\ud835\ude56\ud835\ude67 \ud835\ude59\ud835\ude5e\ud835\ude63 \ud835\ude4d\ud835\ude64\ud835\ude62\ud835\ude56\u0302\ud835\ude63\ud835\ude5e\ud835\ude56\u201d \u00een ziua de joi, 7 martie 2024, ora 14, \u00een sala Central\u0103 a Muzeului Academic. Expozi\u021bia cuprinde documente \u0219i fotografii referitoare la via\u021ba, studiile \u0219i [&hellip;]<\/p>\n","protected":false},"author":2,"featured_media":0,"comment_status":"open","ping_status":"open","sticky":false,"template":"","format":"standard","meta":[],"categories":[4],"tags":[],"_links":{"self":[{"href":"https:\/\/muzeul.uaic.ro\/index.php\/wp-json\/wp\/v2\/posts\/374"}],"collection":[{"href":"https:\/\/muzeul.uaic.ro\/index.php\/wp-json\/wp\/v2\/posts"}],"about":[{"href":"https:\/\/muzeul.uaic.ro\/index.php\/wp-json\/wp\/v2\/types\/post"}],"author":[{"embeddable":true,"href":"https:\/\/muzeul.uaic.ro\/index.php\/wp-json\/wp\/v2\/users\/2"}],"replies":[{"embeddable":true,"href":"https:\/\/muzeul.uaic.ro\/index.php\/wp-json\/wp\/v2\/comments?post=374"}],"version-history":[{"count":4,"href":"https:\/\/muzeul.uaic.ro\/index.php\/wp-json\/wp\/v2\/posts\/374\/revisions"}],"predecessor-version":[{"id":379,"href":"https:\/\/muzeul.uaic.ro\/index.php\/wp-json\/wp\/v2\/posts\/374\/revisions\/379"}],"wp:attachment":[{"href":"https:\/\/muzeul.uaic.ro\/index.php\/wp-json\/wp\/v2\/media?parent=374"}],"wp:term":[{"taxonomy":"category","embeddable":true,"href":"https:\/\/muzeul.uaic.ro\/index.php\/wp-json\/wp\/v2\/categories?post=374"},{"taxonomy":"post_tag","embeddable":true,"href":"https:\/\/muzeul.uaic.ro\/index.php\/wp-json\/wp\/v2\/tags?post=374"}],"curies":[{"name":"wp","href":"https:\/\/api.w.org\/{rel}","templated":true}]}}