{"id":365,"date":"2023-12-07T09:47:28","date_gmt":"2023-12-07T09:47:28","guid":{"rendered":"https:\/\/muzeul.uaic.ro\/?p=365"},"modified":"2024-03-04T12:49:46","modified_gmt":"2024-03-04T12:49:46","slug":"expozitia-virtuala-alimentatia-la-romani","status":"publish","type":"post","link":"https:\/\/muzeul.uaic.ro\/index.php\/2023\/12\/07\/expozitia-virtuala-alimentatia-la-romani\/","title":{"rendered":"Expozi\u021bia virtual\u0103 \u201eAlimenta\u021bia la romani\u201d"},"content":{"rendered":"<p>V\u0103 invit\u0103m ast\u0103zi, 7 decembrie, la ora 17, la deschiderea expozi\u021biei virtuale \u201eAlimenta\u021bia la romani\u201d, realizat\u0103 de c\u0103tre Muzeul Jude\u0163ean de Istorie \u015fi Art\u0103 Zal\u0103u, \u0219i preg\u0103tit\u0103 pentru public, la Ia\u0219i, \u00eempreun\u0103 cu Muzeul Universit\u0103\u021bii.<\/p>\n<p>***<\/p>\n<p>\u0218tim ast\u0103zi c\u0103 romanii obi\u0219nuiau s\u0103 organizeze banchete fastuoase.<\/p>\n<p>Spre exemplu, Suetoniu ne poveste\u0219te despre efemerul \u00eemp\u0103rat Vitellius cum \u00ee\u0219i \u00eemp\u0103r\u021bea mesele \u00een trei sau, uneori chiar patru pe zi: micul dejun, pr\u00e2nzul, cina \u0219i un banchet spre seara unde servea diferite m\u00e2nc\u0103ruri \u0219i b\u0103uturi luxoase.<\/p>\n<p>Le dovedea pe toate folosind vomitive. Mai mult, ne spune acela\u0219i autor, Vitellius obi\u0219nuia s\u0103 se fac\u0103 invitat la diferi\u021bi amici, unde, sumele aloca acestor mese dep\u0103\u0219eau \u00eentotdeauna patru sute de mii de sester\u021bi. Suma reprezenta valoarea imobiliar\u0103 a unui ora\u0219 provincial de mici dimensiuni. Un episod renumit legat de obi\u0219nuin\u021bele culinare ale lui Vitellius este momentul \u00een care ajunge la Roma, pentru prima dat\u0103 din postura de \u00eemp\u0103rat, \u00een anul 69 d.Hr. Fratele s\u0103u i-a organizat un banchet \u00een care s-au servit dou\u0103 mii dintre cele mai alese specii de pe\u0219ti \u0219i \u0219apte mii de p\u0103s\u0103ri. Platoul \u00eemp\u0103ratului era \u00eentr-at\u00e2t de mare \u00eenc\u00e2t le eclipsa pe toate celelalte, iar Vitellius \u00eensu\u0219i denumea platoul ,,scutul Minervei, ap\u0103r\u0103torul ora\u0219ului.\u201d<\/p>\n<p>\u00cen nord-vestul Daciei Romane, \u00een a\u0219ezarea roman\u0103 de la Porolissum sau \u00een castrele de la Bucium, Rom\u00e2na\u0219i, Romita \u0219i Tih\u0103u, datele combinate ob\u021binute din cercet\u0103rile arheologice \u0219i arheo-zoologice ne indic\u0103 faptul c\u0103 locuitorii obi\u0219nuiau s\u0103 consume o gam\u0103 larg\u0103 de produse din carne (animale domestice cum ar fi porcul sau g\u0103ina dar \u0219i v\u00e2nat) \u0219i de asemenea produse vegetale. Romanii de aici consumau \u0219i vinuri alese, fie de produc\u021bie locale, fie importate din diverse zone ale Imperiului Roman. Preponderent, vinul importat este cel din zona M\u0103rii Egee. Un produs nelipsit era \u0219i uleiul de m\u0103sline albe sau negre, transportat, la fel ca vinul, pe distan\u021be lungi cu ajutorul uneori recipiente specifice, numite amfore, din zone precum nordul Italiei sau coasta dalmat\u0103.<\/p>\n<p>Expozi\u021bia virtual\u0103 \u201eAlimenta\u021bia la romani\u201d prezint\u0103 c\u00e2teva dintre descoperirile arheologice cele mai ilustrative din zona nord-vestic\u0103 a Daciei romane, prin redarea \u00een format 3D a unor recipiente specifice care ajut\u0103 \u00eentr-un mod semnificativ la \u00een\u021belegerea alimenta\u021biei oamenilor de acum aproape dou\u0103 mii de ani.<\/p>\n<p>&nbsp;<\/p>\n<p><img loading=\"lazy\" class=\"aligncenter wp-image-344 size-large\" src=\"https:\/\/muzeul.uaic.ro\/wp-content\/uploads\/2024\/03\/alimentatia-778x1024.jpg\" alt=\"\" width=\"778\" height=\"1024\" srcset=\"https:\/\/muzeul.uaic.ro\/wp-content\/uploads\/2024\/03\/alimentatia-778x1024.jpg 778w, https:\/\/muzeul.uaic.ro\/wp-content\/uploads\/2024\/03\/alimentatia-228x300.jpg 228w, https:\/\/muzeul.uaic.ro\/wp-content\/uploads\/2024\/03\/alimentatia-768x1011.jpg 768w, https:\/\/muzeul.uaic.ro\/wp-content\/uploads\/2024\/03\/alimentatia-1166x1536.jpg 1166w, https:\/\/muzeul.uaic.ro\/wp-content\/uploads\/2024\/03\/alimentatia.jpg 1555w\" sizes=\"(max-width: 778px) 100vw, 778px\" \/><\/p>\n","protected":false},"excerpt":{"rendered":"<p>V\u0103 invit\u0103m ast\u0103zi, 7 decembrie, la ora 17, la deschiderea expozi\u021biei virtuale \u201eAlimenta\u021bia la romani\u201d, realizat\u0103 de c\u0103tre Muzeul Jude\u0163ean de Istorie \u015fi Art\u0103 Zal\u0103u, \u0219i preg\u0103tit\u0103 pentru public, la Ia\u0219i, \u00eempreun\u0103 cu Muzeul Universit\u0103\u021bii. *** \u0218tim ast\u0103zi c\u0103 romanii [&hellip;]<\/p>\n","protected":false},"author":2,"featured_media":0,"comment_status":"open","ping_status":"open","sticky":false,"template":"","format":"standard","meta":[],"categories":[4],"tags":[],"_links":{"self":[{"href":"https:\/\/muzeul.uaic.ro\/index.php\/wp-json\/wp\/v2\/posts\/365"}],"collection":[{"href":"https:\/\/muzeul.uaic.ro\/index.php\/wp-json\/wp\/v2\/posts"}],"about":[{"href":"https:\/\/muzeul.uaic.ro\/index.php\/wp-json\/wp\/v2\/types\/post"}],"author":[{"embeddable":true,"href":"https:\/\/muzeul.uaic.ro\/index.php\/wp-json\/wp\/v2\/users\/2"}],"replies":[{"embeddable":true,"href":"https:\/\/muzeul.uaic.ro\/index.php\/wp-json\/wp\/v2\/comments?post=365"}],"version-history":[{"count":1,"href":"https:\/\/muzeul.uaic.ro\/index.php\/wp-json\/wp\/v2\/posts\/365\/revisions"}],"predecessor-version":[{"id":366,"href":"https:\/\/muzeul.uaic.ro\/index.php\/wp-json\/wp\/v2\/posts\/365\/revisions\/366"}],"wp:attachment":[{"href":"https:\/\/muzeul.uaic.ro\/index.php\/wp-json\/wp\/v2\/media?parent=365"}],"wp:term":[{"taxonomy":"category","embeddable":true,"href":"https:\/\/muzeul.uaic.ro\/index.php\/wp-json\/wp\/v2\/categories?post=365"},{"taxonomy":"post_tag","embeddable":true,"href":"https:\/\/muzeul.uaic.ro\/index.php\/wp-json\/wp\/v2\/tags?post=365"}],"curies":[{"name":"wp","href":"https:\/\/api.w.org\/{rel}","templated":true}]}}