{"id":363,"date":"2023-12-02T10:45:16","date_gmt":"2023-12-02T10:45:16","guid":{"rendered":"https:\/\/muzeul.uaic.ro\/?p=363"},"modified":"2024-03-04T12:47:22","modified_gmt":"2024-03-04T12:47:22","slug":"expozitia-vizite-regale-la-universitatea-clujeana-si-la-universitatea-din-iasi","status":"publish","type":"post","link":"https:\/\/muzeul.uaic.ro\/index.php\/2023\/12\/02\/expozitia-vizite-regale-la-universitatea-clujeana-si-la-universitatea-din-iasi\/","title":{"rendered":"Expozi\u021bia \u201eVizite regale la universitatea clujean\u0103 \u0219i la Universitatea din Ia\u0219i\u201d"},"content":{"rendered":"<p>Muzeul de Istorie a Universit\u0103\u021bii Babe\u0219-Bolyai, \u00een colaborare cu Muzeul Universit\u0103\u021bii ,,Alexandru Ioan Cuza\u02ee din Ia\u0219i, aduc \u00een fa\u021ba publicului clujean expozi\u021bia temporar\u0103 \u201eVizite regale la universitatea clujean\u0103 \u0219i la Universitatea din Ia\u0219i\u201d<\/p>\n<p>Vernisajul va avea loc \u00een data de 5 decembrie 2023, la ora 17:00, \u00een foaierul Colegiului Academic Florian \u0218tef\u0103nescu-Goang\u0103, Universitatea Babe\u0219 Bolyai.<\/p>\n<p>Aceast\u0103 expozi\u021bie temporar\u0103 este deschis\u0103 \u00een perioada 5 decembrie 2023 \u2013 18 ianuarie 2024, de luni p\u00e2n\u0103 vineri, \u00eentre orele 10:00 \u0219i 14:00.<\/p>\n<p>&nbsp;<\/p>\n<p><img loading=\"lazy\" class=\"aligncenter wp-image-345 size-large\" src=\"https:\/\/muzeul.uaic.ro\/wp-content\/uploads\/2024\/03\/vizite-regale-724x1024.jpg\" alt=\"\" width=\"724\" height=\"1024\" srcset=\"https:\/\/muzeul.uaic.ro\/wp-content\/uploads\/2024\/03\/vizite-regale-724x1024.jpg 724w, https:\/\/muzeul.uaic.ro\/wp-content\/uploads\/2024\/03\/vizite-regale-212x300.jpg 212w, https:\/\/muzeul.uaic.ro\/wp-content\/uploads\/2024\/03\/vizite-regale-768x1086.jpg 768w, https:\/\/muzeul.uaic.ro\/wp-content\/uploads\/2024\/03\/vizite-regale-1086x1536.jpg 1086w, https:\/\/muzeul.uaic.ro\/wp-content\/uploads\/2024\/03\/vizite-regale.jpg 1448w\" sizes=\"(max-width: 724px) 100vw, 724px\" \/><\/p>\n","protected":false},"excerpt":{"rendered":"<p>Muzeul de Istorie a Universit\u0103\u021bii Babe\u0219-Bolyai, \u00een colaborare cu Muzeul Universit\u0103\u021bii ,,Alexandru Ioan Cuza\u02ee din Ia\u0219i, aduc \u00een fa\u021ba publicului clujean expozi\u021bia temporar\u0103 \u201eVizite regale la universitatea clujean\u0103 \u0219i la Universitatea din Ia\u0219i\u201d Vernisajul va avea loc \u00een data de [&hellip;]<\/p>\n","protected":false},"author":2,"featured_media":0,"comment_status":"open","ping_status":"open","sticky":false,"template":"","format":"standard","meta":[],"categories":[4],"tags":[],"_links":{"self":[{"href":"https:\/\/muzeul.uaic.ro\/index.php\/wp-json\/wp\/v2\/posts\/363"}],"collection":[{"href":"https:\/\/muzeul.uaic.ro\/index.php\/wp-json\/wp\/v2\/posts"}],"about":[{"href":"https:\/\/muzeul.uaic.ro\/index.php\/wp-json\/wp\/v2\/types\/post"}],"author":[{"embeddable":true,"href":"https:\/\/muzeul.uaic.ro\/index.php\/wp-json\/wp\/v2\/users\/2"}],"replies":[{"embeddable":true,"href":"https:\/\/muzeul.uaic.ro\/index.php\/wp-json\/wp\/v2\/comments?post=363"}],"version-history":[{"count":1,"href":"https:\/\/muzeul.uaic.ro\/index.php\/wp-json\/wp\/v2\/posts\/363\/revisions"}],"predecessor-version":[{"id":364,"href":"https:\/\/muzeul.uaic.ro\/index.php\/wp-json\/wp\/v2\/posts\/363\/revisions\/364"}],"wp:attachment":[{"href":"https:\/\/muzeul.uaic.ro\/index.php\/wp-json\/wp\/v2\/media?parent=363"}],"wp:term":[{"taxonomy":"category","embeddable":true,"href":"https:\/\/muzeul.uaic.ro\/index.php\/wp-json\/wp\/v2\/categories?post=363"},{"taxonomy":"post_tag","embeddable":true,"href":"https:\/\/muzeul.uaic.ro\/index.php\/wp-json\/wp\/v2\/tags?post=363"}],"curies":[{"name":"wp","href":"https:\/\/api.w.org\/{rel}","templated":true}]}}