{"id":350,"date":"2023-06-15T12:08:53","date_gmt":"2023-06-15T12:08:53","guid":{"rendered":"https:\/\/muzeul.uaic.ro\/?p=350"},"modified":"2024-03-04T12:23:01","modified_gmt":"2024-03-04T12:23:01","slug":"zilele-europene-ale-arheologiei-2023-editia-a-xiv-a","status":"publish","type":"post","link":"https:\/\/muzeul.uaic.ro\/index.php\/2023\/06\/15\/zilele-europene-ale-arheologiei-2023-editia-a-xiv-a\/","title":{"rendered":"Zilele Europene ale Arheologiei 2023. Edi\u021bia a XIV-a"},"content":{"rendered":"<p>\u00cen perioada 16-17 iunie 2023, la Muzeul Universit\u0103\u021bii \u201eAlexandru Ioan Cuza\u201d din Ia\u0219i, am proiectat o serie de evenimente cu participare gratuit\u0103, organizate \u00een cadrul Zilelor Europene ale Arheologiei.<\/p>\n<p>Programul Zilele Europene ale Arheologiei (ZEA) care se va desf\u0103\u0219ura timp de trei zile &#8211; 16, 17, 18 iunie 2023 &#8211; \u00een Europa este organizat sub patronajul Institutului Na\u021bional al Patrimoniului. Scopul general al programului este cel de a deschide universul arheologiei c\u0103tre publicul larg. Printre activit\u0103\u021bile de baz\u0103 ale Universit\u0103\u021bii \u201eAlexandru Ioan Cuza\u201d din Ia\u0219i se num\u0103r\u0103 formarea speciali\u0219tilor \u00een domeniul cercet\u0103rii, cunoa\u0219terii \u0219i protej\u0103rii patrimoniului cultural. Este o alt\u0103 ocazie \u00een care arheologii, muzeografii, restauratorii, conservatorii \u0219i speciali\u0219tii din \u0219tiin\u021bele implicate \u00een cercetarea trecutului vor t\u0103lm\u0103ci taine ale unei pasiuni \u0219i profesii mai pu\u021bin vizibile.<\/p>\n<p>Muzeul Universit\u0103\u021bii este un loc unde sunt p\u0103strate elemente patrimoniale inestimabile care includ artefacte scoase \u00een lumin\u0103 din situri cunoscute, dar \u0219i ca urmare a unor cercet\u0103ri recente realizate \u00een zona Palatului Universitar. Cu acest prilej propunem desf\u0103\u0219urarea a dou\u0103 vizite la Casa Universitarilor (Casa Canta), expozi\u021bii care vor cuprinde date privind cercetarea arheologic\u0103 realizat\u0103 de c\u0103tre speciali\u0219tii UAIC \u0219i conferin\u021be publice dedicate disemin\u0103rii rezultatelor cercet\u0103rilor arheologice c\u0103tre public. Expozi\u021biile surprind aspecte din activitatea de formare a tinerilor arheologi, de diversificare a activit\u0103\u021bilor de cercetare \u0219i de con\u0219tientizare a valorii patrimoniului arheologic. Realizarea vizitei ghidate la Casa Universitarilor va face cunoscut\u0103 publicului importan\u021ba valorific\u0103rii unui sit urban \u0219i a integr\u0103rii acestuia \u00een istoria Palatului Universitar. Totodat\u0103, vom \u00eencerca, prin mijloace media de tipul VR (realitate virtual\u0103) \u0219i AR (realitate augmentat\u0103), s\u0103 oferim publicului larg o perspectiv\u0103 digital\u0103 asupra unor elemente particulare de patrimoniu, prin vizualizarea tridimensional\u0103 \u0219i panoramic\u0103 a unor suporturi virtuale ob\u021binute dup\u0103 replicarea unor situri \u0219i piese arheologice renumite.<\/p>\n<p>Contextele expozi\u021bionale care au con\u021binut arheologic aduc publicului imagini, descrieri \u0219i nara\u021biuni mai pu\u021bin accesibile publicului larg. Acesta va avea posibilitatea s\u0103 cunoasc\u0103 \u201etainele\u201d cercet\u0103rii arheologice de la arheologi. Vizitele propuse se \u00eenscriu \u00een programul de con\u0219tientizare continu\u0103 a locului Universit\u0103\u021bii \u201eAlexandru Ioan Cuza\u201d din Ia\u0219i \u00een promovarea form\u0103rii arheologilor \u0219i a protej\u0103rii patrimoniului cultural.<\/p>\n<p>Evenimentele se vor desf\u0103\u0219ura fizic, la Sediul Muzeului Universit\u0103\u021bii \u0219i pe traseul propus de c\u0103tre organizatori p\u00e2n\u0103 la Casa Universitarilor.<\/p>\n<p>Coordonatori: Neculai Bolohan, Andrei As\u0103ndulesei<\/p>\n<p>Organizatori: Ana Drob, Bogdan \u0218tefan Novac, Alexandru Suharoschi<\/p>\n<p>Parteneri: Muzeul Na\u0163ional de Istorie a Rom\u00e2niei (MNIR). Con\u021binutul digital \u0219i suportul media sunt puse la dispozi\u021bie ca follow-up al proiectului european \u201ee-Peisajele arheologice ale Dun\u0103rii. Peisaje arheologice virtuale ale regiunii dun\u0103rene \/ DAeL\u201d<\/p>\n<p>Centrul Arheoinvest, Departamentul de \u0218tiin\u021be Exacte \u0219i \u0218tiin\u021be ale Naturii, Institutul de Cercet\u0103ri Interdisciplinare, Universitatea \u201eAlexandru Ioan Cuza\u201d din Ia\u0219i<\/p>\n<p>Programarea activit\u0103\u021bilor:<\/p>\n<p>\u2605 Vineri, 16 iunie 2023<\/p>\n<ul>\n<li>16.00-17.00 Vernisarea expozi\u021biei: \u201eCunoa\u0219terea locurilor arheologice. De la pasiune la profesionalism\u201d. Expozi\u021bie temporar\u0103: 16 iunie \u2013 30 iunie 2023<\/li>\n<\/ul>\n<p>Coordonator: Neculai Bolohan<\/p>\n<p>Organizatori: Ana Drob, Bogdan \u0218tefan Novac, Alexandru Suharoschi<\/p>\n<ul>\n<li>17.00-18.00: Conferin\u021b\u0103 public\u0103: Casa Canta. Arheologie. Istorie. Memorie<\/li>\n<\/ul>\n<p>Coordonator: Neculai Bolohan<\/p>\n<p>\u2605 S\u00e2mb\u0103t\u0103, 17 iunie 2023<\/p>\n<ul>\n<li>11.00-12.00: Vizit\u0103 ghidat\u0103 la Casa Universitarilor\/Casa Canta<\/li>\n<\/ul>\n<p>Coordonator: Neculai Bolohan<\/p>\n<p>Organizatori: Ana Drob, Bogdan \u0218tefan Novac<\/p>\n<p>N.B. Grupul de vizitare se va forma \u0219i va pleca de la Muzeul Universit\u0103\u021bii, ora 10.45.<\/p>\n<ul>\n<li>12.30-14.30: Aplica\u021bie practic\u0103: Vizit\u0103 virtual\u0103 pe \u0219antierul arheologic. Experien\u021b\u0103 (VR) senzorial\u0103, interactiv\u0103 \u0219i educa\u021bional\u0103<\/li>\n<\/ul>\n<p>Coordonatori: Andrei As\u0103ndulesei, Radu Brunchi<\/p>\n<p>&nbsp;<\/p>\n<p><img loading=\"lazy\" class=\"aligncenter wp-image-346 size-large\" src=\"https:\/\/muzeul.uaic.ro\/wp-content\/uploads\/2024\/03\/ZEA2023-724x1024.jpg\" alt=\"\" width=\"724\" height=\"1024\" srcset=\"https:\/\/muzeul.uaic.ro\/wp-content\/uploads\/2024\/03\/ZEA2023-724x1024.jpg 724w, https:\/\/muzeul.uaic.ro\/wp-content\/uploads\/2024\/03\/ZEA2023-212x300.jpg 212w, https:\/\/muzeul.uaic.ro\/wp-content\/uploads\/2024\/03\/ZEA2023-768x1086.jpg 768w, https:\/\/muzeul.uaic.ro\/wp-content\/uploads\/2024\/03\/ZEA2023-1086x1536.jpg 1086w, https:\/\/muzeul.uaic.ro\/wp-content\/uploads\/2024\/03\/ZEA2023.jpg 1448w\" sizes=\"(max-width: 724px) 100vw, 724px\" \/><\/p>\n","protected":false},"excerpt":{"rendered":"<p>\u00cen perioada 16-17 iunie 2023, la Muzeul Universit\u0103\u021bii \u201eAlexandru Ioan Cuza\u201d din Ia\u0219i, am proiectat o serie de evenimente cu participare gratuit\u0103, organizate \u00een cadrul Zilelor Europene ale Arheologiei. Programul Zilele Europene ale Arheologiei (ZEA) care se va desf\u0103\u0219ura timp [&hellip;]<\/p>\n","protected":false},"author":2,"featured_media":0,"comment_status":"open","ping_status":"open","sticky":false,"template":"","format":"standard","meta":[],"categories":[4],"tags":[],"_links":{"self":[{"href":"https:\/\/muzeul.uaic.ro\/index.php\/wp-json\/wp\/v2\/posts\/350"}],"collection":[{"href":"https:\/\/muzeul.uaic.ro\/index.php\/wp-json\/wp\/v2\/posts"}],"about":[{"href":"https:\/\/muzeul.uaic.ro\/index.php\/wp-json\/wp\/v2\/types\/post"}],"author":[{"embeddable":true,"href":"https:\/\/muzeul.uaic.ro\/index.php\/wp-json\/wp\/v2\/users\/2"}],"replies":[{"embeddable":true,"href":"https:\/\/muzeul.uaic.ro\/index.php\/wp-json\/wp\/v2\/comments?post=350"}],"version-history":[{"count":1,"href":"https:\/\/muzeul.uaic.ro\/index.php\/wp-json\/wp\/v2\/posts\/350\/revisions"}],"predecessor-version":[{"id":351,"href":"https:\/\/muzeul.uaic.ro\/index.php\/wp-json\/wp\/v2\/posts\/350\/revisions\/351"}],"wp:attachment":[{"href":"https:\/\/muzeul.uaic.ro\/index.php\/wp-json\/wp\/v2\/media?parent=350"}],"wp:term":[{"taxonomy":"category","embeddable":true,"href":"https:\/\/muzeul.uaic.ro\/index.php\/wp-json\/wp\/v2\/categories?post=350"},{"taxonomy":"post_tag","embeddable":true,"href":"https:\/\/muzeul.uaic.ro\/index.php\/wp-json\/wp\/v2\/tags?post=350"}],"curies":[{"name":"wp","href":"https:\/\/api.w.org\/{rel}","templated":true}]}}