{"id":348,"date":"2023-06-12T12:02:10","date_gmt":"2023-06-12T12:02:10","guid":{"rendered":"https:\/\/muzeul.uaic.ro\/?p=348"},"modified":"2024-03-04T12:08:25","modified_gmt":"2024-03-04T12:08:25","slug":"expozitia-foto-documentara-pe-urmele-pasilor-pierduti-130-de-ani-de-la-fondarea-palatului-universitar-din-copou","status":"publish","type":"post","link":"https:\/\/muzeul.uaic.ro\/index.php\/2023\/06\/12\/expozitia-foto-documentara-pe-urmele-pasilor-pierduti-130-de-ani-de-la-fondarea-palatului-universitar-din-copou\/","title":{"rendered":"Expozi\u021bia foto-documentar\u0103 \u201ePe urmele Pa\u0219ilor Pierdu\u021bi. 130 de ani de la fondarea Palatului Universitar din Copou\u201d"},"content":{"rendered":"<p>Muzeul Universit\u0103\u021bii \u00een parteneriat cu Asocia\u021bia Cultural\u0103 \u201ePatrimoniu Universitar \u0219i Studen\u021besc Ia\u0219i\u201d v\u0103 invit\u0103 la vernisajul expozi\u021biei foto-documentare \u201ePe urmele Pa\u0219ilor Pierdu\u021bi. 130 de ani de la fondarea Palatului Universitar din Copou\u201d<\/p>\n<p>Evenimentul va avea loc miercuri, 14 iunie 2023, ora 13, \u00een Sala Pa\u0219ilor Pierdu\u021bi, cl\u0103direa central\u0103 a Universi\u0103\u021bii (Corp A).<\/p>\n<p>Invita\u021bi:<\/p>\n<ul>\n<li>conf. univ. dr. Ionu\u021b NISTOR, Facultatea de Istorie<\/li>\n<li>C\u0103t\u0103lin BOTO\u0218INEANU, Arhivele Na\u021bionale Ia\u0219i<\/li>\n<li>asist. dr. arh. Ramona COSTEA, Facultatea de Arhitectur\u0103 din Ia\u0219i<\/li>\n<li>asist. dr. arh. Tiberiu-Teodor STANCIU, Facultatea de Arhitectur\u0103 din Ia\u0219i<\/li>\n<\/ul>\n<p>Curatori expozi\u021bie:<\/p>\n<p>-Muzeograf dr. Iana Balan<\/p>\n<p>-Muzeograf dr. Petronela Buruian\u0103<\/p>\n<p>Grafic\u0103: Fatme Nistoroi<\/p>\n<p>Expozi\u021bia poate fi vizitat\u0103 p\u00e2n\u0103 pe 31 octombrie. V\u0103 a\u0219tept\u0103m!<\/p>\n<p><img loading=\"lazy\" class=\"aligncenter wp-image-340 size-large\" src=\"https:\/\/muzeul.uaic.ro\/wp-content\/uploads\/2024\/03\/pe_urmele_pasilor-724x1024.jpg\" alt=\"\" width=\"724\" height=\"1024\" srcset=\"https:\/\/muzeul.uaic.ro\/wp-content\/uploads\/2024\/03\/pe_urmele_pasilor-724x1024.jpg 724w, https:\/\/muzeul.uaic.ro\/wp-content\/uploads\/2024\/03\/pe_urmele_pasilor-212x300.jpg 212w, https:\/\/muzeul.uaic.ro\/wp-content\/uploads\/2024\/03\/pe_urmele_pasilor-768x1086.jpg 768w, https:\/\/muzeul.uaic.ro\/wp-content\/uploads\/2024\/03\/pe_urmele_pasilor-1087x1536.jpg 1087w, https:\/\/muzeul.uaic.ro\/wp-content\/uploads\/2024\/03\/pe_urmele_pasilor.jpg 1132w\" sizes=\"(max-width: 724px) 100vw, 724px\" \/><\/p>\n","protected":false},"excerpt":{"rendered":"<p>Muzeul Universit\u0103\u021bii \u00een parteneriat cu Asocia\u021bia Cultural\u0103 \u201ePatrimoniu Universitar \u0219i Studen\u021besc Ia\u0219i\u201d v\u0103 invit\u0103 la vernisajul expozi\u021biei foto-documentare \u201ePe urmele Pa\u0219ilor Pierdu\u021bi. 130 de ani de la fondarea Palatului Universitar din Copou\u201d Evenimentul va avea loc miercuri, 14 iunie 2023, [&hellip;]<\/p>\n","protected":false},"author":2,"featured_media":0,"comment_status":"open","ping_status":"open","sticky":false,"template":"","format":"standard","meta":[],"categories":[4],"tags":[],"_links":{"self":[{"href":"https:\/\/muzeul.uaic.ro\/index.php\/wp-json\/wp\/v2\/posts\/348"}],"collection":[{"href":"https:\/\/muzeul.uaic.ro\/index.php\/wp-json\/wp\/v2\/posts"}],"about":[{"href":"https:\/\/muzeul.uaic.ro\/index.php\/wp-json\/wp\/v2\/types\/post"}],"author":[{"embeddable":true,"href":"https:\/\/muzeul.uaic.ro\/index.php\/wp-json\/wp\/v2\/users\/2"}],"replies":[{"embeddable":true,"href":"https:\/\/muzeul.uaic.ro\/index.php\/wp-json\/wp\/v2\/comments?post=348"}],"version-history":[{"count":1,"href":"https:\/\/muzeul.uaic.ro\/index.php\/wp-json\/wp\/v2\/posts\/348\/revisions"}],"predecessor-version":[{"id":349,"href":"https:\/\/muzeul.uaic.ro\/index.php\/wp-json\/wp\/v2\/posts\/348\/revisions\/349"}],"wp:attachment":[{"href":"https:\/\/muzeul.uaic.ro\/index.php\/wp-json\/wp\/v2\/media?parent=348"}],"wp:term":[{"taxonomy":"category","embeddable":true,"href":"https:\/\/muzeul.uaic.ro\/index.php\/wp-json\/wp\/v2\/categories?post=348"},{"taxonomy":"post_tag","embeddable":true,"href":"https:\/\/muzeul.uaic.ro\/index.php\/wp-json\/wp\/v2\/tags?post=348"}],"curies":[{"name":"wp","href":"https:\/\/api.w.org\/{rel}","templated":true}]}}