{"id":304,"date":"2023-02-24T09:12:51","date_gmt":"2023-02-24T09:12:51","guid":{"rendered":"https:\/\/muzeul.uaic.ro\/?p=304"},"modified":"2024-03-04T09:21:19","modified_gmt":"2024-03-04T09:21:19","slug":"atelier-de-primavara-erasmus-2023","status":"publish","type":"post","link":"https:\/\/muzeul.uaic.ro\/index.php\/2023\/02\/24\/atelier-de-primavara-erasmus-2023\/","title":{"rendered":"Atelier de prim\u0103var\u0103 &#8211; Erasmus 2023"},"content":{"rendered":"<p>Prim\u0103vara bate la u\u0219\u0103, iar preg\u0103tirile pentru M\u0103r\u021bi\u0219or au \u00eenceput deja la Muzeul Universit\u0103\u021bii. Anul acesta am avut invita\u021bi interna\u021bionali, pe care i-am ghidat \u00een tainele tradi\u021biilor rom\u00e2ne\u0219ti. La ini\u021biativa gazdei evenimentului, domnul conf. univ. dr. Neculai Bolohan, directorul Muzeului Universit\u0103\u021bii \u201eAlexandru Ioan Cuza\u201d din Ia\u0219i, a avut loc la data de 23 februarie 2023, un eveniment organizat \u00een parteneriat cu Direc\u021bia Jude\u021bean\u0103 pentru Cultur\u0103 Neam\u021b, reprezentat de Doamna M\u0103d\u0103lina M\u0103riu\u021bac \u0219i Departamentul de Rela\u021bii Interna\u021bionale a Universit\u0103\u021bii \u201eAlexandru Ioan Cuza\u201d din Ia\u0219i, prin participarea doamnei Iolanda Bogle\u0219.<\/p>\n<p>Studen\u021bi din 10 \u021b\u0103ri str\u0103ine (Spania (University of Cor\u016dna, University of Granada, University of Murcia), Turcia (University of Mersin, \u201eHacettepe University\u201d University of Ankara, \u201eYildiz Technical\u201d\u00a0 University of Istanbul), Armenia, Fran\u021ba (Universit\u00e9 de Poitiers, Universit\u00e9 de Gen\u00e8ve, Universit\u00e9 de Rouen, Universit\u00e9 Sorbonne Nouvelle Paris 3), Grecia (\u201eAristotle\u201d University of Thessaloniki), Ucraina (Ternopil Volodymyr Hnatiuk Na\u021bional\u0103 Pedagogical University), Tunisia (University of Carthage), Georgia (Ilia State University of Tbilisi), Albania (Metropolitan University of Tirana) \u0219i Polonia (\u201eJagiellonian\u201d University of Krak\u00f3w) au fost ini\u021bia\u021bi \u00een cunoa\u0219terea semnifica\u021biei s\u0103rb\u0103torii M\u0103r\u021bi\u0219orului \u0219i a importan\u021bei ei pentru rom\u00e2ni, iar prin iscusin\u021ba cu care doamna M\u0103d\u0103lina M\u0103riu\u021bac i-a \u00eenv\u0103\u021bat, ei au reu\u0219it s\u0103-\u0219i confec\u021bioneze propriul m\u0103r\u021bi\u0219or, din fire de l\u00e2n\u0103 sau de m\u0103tase, \u00een nuan\u021be de ro\u0219u \u0219i alb.<\/p>\n<p>Mul\u021bumim partenerilor \u0219i invita\u021bilor!<\/p>\n<p>&nbsp;<\/p>\n<p><img loading=\"lazy\" class=\"aligncenter wp-image-306 size-large\" src=\"https:\/\/muzeul.uaic.ro\/wp-content\/uploads\/2024\/03\/martisor-1024x724.jpg\" alt=\"\" width=\"1024\" height=\"724\" srcset=\"https:\/\/muzeul.uaic.ro\/wp-content\/uploads\/2024\/03\/martisor-1024x724.jpg 1024w, https:\/\/muzeul.uaic.ro\/wp-content\/uploads\/2024\/03\/martisor-300x212.jpg 300w, https:\/\/muzeul.uaic.ro\/wp-content\/uploads\/2024\/03\/martisor-768x543.jpg 768w, https:\/\/muzeul.uaic.ro\/wp-content\/uploads\/2024\/03\/martisor-1536x1086.jpg 1536w\" sizes=\"(max-width: 1024px) 100vw, 1024px\" \/><\/p>\n","protected":false},"excerpt":{"rendered":"<p>Prim\u0103vara bate la u\u0219\u0103, iar preg\u0103tirile pentru M\u0103r\u021bi\u0219or au \u00eenceput deja la Muzeul Universit\u0103\u021bii. Anul acesta am avut invita\u021bi interna\u021bionali, pe care i-am ghidat \u00een tainele tradi\u021biilor rom\u00e2ne\u0219ti. La ini\u021biativa gazdei evenimentului, domnul conf. univ. dr. Neculai Bolohan, directorul Muzeului [&hellip;]<\/p>\n","protected":false},"author":2,"featured_media":0,"comment_status":"open","ping_status":"open","sticky":false,"template":"","format":"standard","meta":[],"categories":[4],"tags":[],"_links":{"self":[{"href":"https:\/\/muzeul.uaic.ro\/index.php\/wp-json\/wp\/v2\/posts\/304"}],"collection":[{"href":"https:\/\/muzeul.uaic.ro\/index.php\/wp-json\/wp\/v2\/posts"}],"about":[{"href":"https:\/\/muzeul.uaic.ro\/index.php\/wp-json\/wp\/v2\/types\/post"}],"author":[{"embeddable":true,"href":"https:\/\/muzeul.uaic.ro\/index.php\/wp-json\/wp\/v2\/users\/2"}],"replies":[{"embeddable":true,"href":"https:\/\/muzeul.uaic.ro\/index.php\/wp-json\/wp\/v2\/comments?post=304"}],"version-history":[{"count":3,"href":"https:\/\/muzeul.uaic.ro\/index.php\/wp-json\/wp\/v2\/posts\/304\/revisions"}],"predecessor-version":[{"id":335,"href":"https:\/\/muzeul.uaic.ro\/index.php\/wp-json\/wp\/v2\/posts\/304\/revisions\/335"}],"wp:attachment":[{"href":"https:\/\/muzeul.uaic.ro\/index.php\/wp-json\/wp\/v2\/media?parent=304"}],"wp:term":[{"taxonomy":"category","embeddable":true,"href":"https:\/\/muzeul.uaic.ro\/index.php\/wp-json\/wp\/v2\/categories?post=304"},{"taxonomy":"post_tag","embeddable":true,"href":"https:\/\/muzeul.uaic.ro\/index.php\/wp-json\/wp\/v2\/tags?post=304"}],"curies":[{"name":"wp","href":"https:\/\/api.w.org\/{rel}","templated":true}]}}