{"id":302,"date":"2023-01-26T06:04:11","date_gmt":"2023-01-26T06:04:11","guid":{"rendered":"https:\/\/muzeul.uaic.ro\/?p=302"},"modified":"2024-03-04T09:21:59","modified_gmt":"2024-03-04T09:21:59","slug":"unirea-lui-cuza-atelier-de-medalistica-si-educatie-muzeala","status":"publish","type":"post","link":"https:\/\/muzeul.uaic.ro\/index.php\/2023\/01\/26\/unirea-lui-cuza-atelier-de-medalistica-si-educatie-muzeala\/","title":{"rendered":"Unirea lui Cuza. Atelier de medalistic\u0103 \u0219i educa\u021bie muzeal\u0103"},"content":{"rendered":"<p>\u00cen Ziua Unirii Principatelor Rom\u00e2ne, Muzeul Na\u021bional al Literaturii Rom\u00e2ne Ia\u0219i, \u00een parteneriat cu Muzeul Universit\u0103\u021bii \u201eAlexandru Ioan Cuza\u201d din Ia\u0219i, cu Institutul de Arheologie Ia\u0219i \u0219i Colegiul Na\u021bional \u201eGarabet Ibr\u0103ileanu\u201d Ia\u0219i organizeaz\u0103 un atelier de medalistic\u0103 \u0219i de educa\u021bie muzeal\u0103.<\/p>\n<p>\u00cencep\u00e2nd cu ora 14:00, se va vizita expozi\u021bia \u201ePatrimoniul Unirii Principatelor Rom\u00e2ne\u201d organizat\u0103 la Muzeul Universit\u0103\u021bii, dup\u0103 care elevii de liceu, coordona\u021bi de prof. Doini\u021ba C\u0103r\u0103u\u0219u, vor examina o serie de medalii reprezentative pentru evenimentul istoric, ajuta\u021bi de invitatul c.s. III Sever Bo\u021ban.<\/p>\n<p>Atelierul este coordonat de Ana Honcu, muzeograf\u0103 MNLR Ia\u0219i, Iunia-Maria \u0218tefan, educatoare muzeal\u0103 MNLR Ia\u0219i, \u0219i Vasilica M\u00eerza, muzeograf\u0103 Muzeul Universit\u0103\u021bii.<\/p>\n<p>&nbsp;<\/p>\n<p><img loading=\"lazy\" class=\"aligncenter wp-image-235 size-large\" src=\"https:\/\/muzeul.uaic.ro\/wp-content\/uploads\/2024\/03\/medalistica-1024x1024.jpg\" alt=\"\" width=\"1024\" height=\"1024\" srcset=\"https:\/\/muzeul.uaic.ro\/wp-content\/uploads\/2024\/03\/medalistica-1024x1024.jpg 1024w, https:\/\/muzeul.uaic.ro\/wp-content\/uploads\/2024\/03\/medalistica-300x300.jpg 300w, https:\/\/muzeul.uaic.ro\/wp-content\/uploads\/2024\/03\/medalistica-150x150.jpg 150w, https:\/\/muzeul.uaic.ro\/wp-content\/uploads\/2024\/03\/medalistica-768x768.jpg 768w, https:\/\/muzeul.uaic.ro\/wp-content\/uploads\/2024\/03\/medalistica-650x650.jpg 650w, https:\/\/muzeul.uaic.ro\/wp-content\/uploads\/2024\/03\/medalistica.jpg 1080w\" sizes=\"(max-width: 1024px) 100vw, 1024px\" \/><\/p>\n","protected":false},"excerpt":{"rendered":"<p>\u00cen Ziua Unirii Principatelor Rom\u00e2ne, Muzeul Na\u021bional al Literaturii Rom\u00e2ne Ia\u0219i, \u00een parteneriat cu Muzeul Universit\u0103\u021bii \u201eAlexandru Ioan Cuza\u201d din Ia\u0219i, cu Institutul de Arheologie Ia\u0219i \u0219i Colegiul Na\u021bional \u201eGarabet Ibr\u0103ileanu\u201d Ia\u0219i organizeaz\u0103 un atelier de medalistic\u0103 \u0219i de educa\u021bie [&hellip;]<\/p>\n","protected":false},"author":2,"featured_media":0,"comment_status":"open","ping_status":"open","sticky":false,"template":"","format":"standard","meta":[],"categories":[4],"tags":[],"_links":{"self":[{"href":"https:\/\/muzeul.uaic.ro\/index.php\/wp-json\/wp\/v2\/posts\/302"}],"collection":[{"href":"https:\/\/muzeul.uaic.ro\/index.php\/wp-json\/wp\/v2\/posts"}],"about":[{"href":"https:\/\/muzeul.uaic.ro\/index.php\/wp-json\/wp\/v2\/types\/post"}],"author":[{"embeddable":true,"href":"https:\/\/muzeul.uaic.ro\/index.php\/wp-json\/wp\/v2\/users\/2"}],"replies":[{"embeddable":true,"href":"https:\/\/muzeul.uaic.ro\/index.php\/wp-json\/wp\/v2\/comments?post=302"}],"version-history":[{"count":2,"href":"https:\/\/muzeul.uaic.ro\/index.php\/wp-json\/wp\/v2\/posts\/302\/revisions"}],"predecessor-version":[{"id":336,"href":"https:\/\/muzeul.uaic.ro\/index.php\/wp-json\/wp\/v2\/posts\/302\/revisions\/336"}],"wp:attachment":[{"href":"https:\/\/muzeul.uaic.ro\/index.php\/wp-json\/wp\/v2\/media?parent=302"}],"wp:term":[{"taxonomy":"category","embeddable":true,"href":"https:\/\/muzeul.uaic.ro\/index.php\/wp-json\/wp\/v2\/categories?post=302"},{"taxonomy":"post_tag","embeddable":true,"href":"https:\/\/muzeul.uaic.ro\/index.php\/wp-json\/wp\/v2\/tags?post=302"}],"curies":[{"name":"wp","href":"https:\/\/api.w.org\/{rel}","templated":true}]}}