{"id":210,"date":"2023-01-17T13:31:06","date_gmt":"2023-01-17T13:31:06","guid":{"rendered":"https:\/\/muzeul.uaic.ro\/?p=210"},"modified":"2023-01-17T13:49:58","modified_gmt":"2023-01-17T13:49:58","slug":"expozitia-temporara-patrimoniul-unirii-principatelor-romane","status":"publish","type":"post","link":"https:\/\/muzeul.uaic.ro\/index.php\/2023\/01\/17\/expozitia-temporara-patrimoniul-unirii-principatelor-romane\/","title":{"rendered":"Expozi\u021bia temporar\u0103 PATRIMONIUL UNIRII PRINCIPATELOR ROM\u00c2NE"},"content":{"rendered":"<p>Anul 1859 face parte dintre anii mirabili din istoria Ia\u0219ului, pentru c\u0103, atunci a fost momentul \u00een care elita intelectual\u0103 \u0219i politic\u0103 a \u021b\u0103rii a reu\u0219it s\u0103 unifice for\u021bele unioniste, at\u00e2t \u00een Moldova, c\u00e2t \u0219i \u00een \u021aara Rom\u00e2neasc\u0103 \u0219i, pe fondul unui climat european favorabil, s\u0103-l impun\u0103 pe Alexandru Ioan Cuza ca domn \u00een alegerile din ambele ora\u0219e, Ia\u0219i \u0219i Bucure\u0219ti.<\/p>\n<p>Duc\u00e2nd la cuno\u0219tin\u021ba rom\u00e2nilor acest mare eveniment, Alexandru loan I zicea: \u201e\u00cen zilele de 5 \u0219i 24 Ianuarie a\u021bi depus toat\u0103 a voastr\u0103 \u00eencredere \u00een Alesul na\u021biunii; a\u021bi \u00eentrunit speran\u021bele voastre \u00eentr-un singur Domn; alesul vostru v\u0103 d\u0103 ast\u0103zi o singur\u0103 Rom\u00e2nie\u201d. Prin urmare, numele lui Alexandru Ioan I nu poate fi separat de momentul Unirii, iar ziua de 24 ianuarie devine, pentru noi, Ziua na\u021bional\u0103 a Unirii Principatelor Rom\u00e2ne.<\/p>\n<p>Muzeul Universit\u0103\u021bii \u201eAlexandru Ioan Cuza\u201d din Ia\u0219i, \u00een parteneriat cu Muzeul de Istorie Natural\u0103 al Universit\u0103\u021bii \u201eAlexandru Ioan Cuza\u201d din Ia\u0219i \u0219i Muzeul Na\u021bional al Literaturii Rom\u00e2ne Ia\u0219i, propune o expozi\u021bie ce are ca obiectiv promovarea patrimoniului relevant pentru Unirea de la 1859, martor t\u0103cut al unor evenimente \u0219i ac\u021biuni care au preg\u0103tit actul de la 1 decembrie 1918. \u00cen cadrul expozi\u021biei, publicul va lua cuno\u0219tin\u021b\u0103 cu un segment din patrimoniul muzeal ie\u0219ean, fiind expuse peste 40 de piese care ilustreaz\u0103 via\u021ba \u0219i activitatea lui Alexandru Ioan Cuza, \u0219i, implicit, Unirea de la 1859.<\/p>\n<p>\u00centreaga comunitate local\u0103, \u0219i nu numai, este invitat\u0103 s\u0103 vizioneze piese excep\u021bionale care amintesc de momentul vot\u0103rii lui Alexandru Ioan Cuza ca domn al Moldovei la 5 ianuarie 1859, \u00een incinta Muzeului de Istorie Natural\u0103, acte doveditoare ale Unirii, fotografii, obiecte personale ale domnitorului. Acestor obiecte li se adaug\u0103 medaliile postume \u0219i cele jubiliare. Reformele domnitorului \u0219i crearea unor institu\u021bii au fost marcate, de asemenea, prin baterea unor medalii care s\u0103 sus\u021bin\u0103 proiectul unionist \u0219i de modernizare al Principatelor Rom\u00e2ne. Reformele lui Cuza \u0219i povestirile, larg r\u0103sp\u00e2ndite, legate de \u201edomnitorul cel drept \u0219i bun cu cei s\u0103raci\u201d \u0219i-au g\u0103sit ecou nu doar \u00een imagini, ci \u0219i \u00een literatura scris\u0103, dup\u0103 cum rezult\u0103 din <em>Versurile scrise de poe\u021bi rom\u00e2ni \u0219i din popor la Unirea Principatelor Rom\u00e2ne, la detronarea lui Cuza-Vod\u0103 \u0219i la moartea acestui mare domnitor<\/em>, colec\u021bionate de Mina Savel \u0219i publicate \u00een anul 1927.<\/p>\n<p>Vernisajul expozitiei va fi g\u0103zduit de Muzeul \u201eAlexandru Ioan Cuza\u201d din Ia\u0219i, \u00een parteneriat cu Muzeul de Istorie Natural\u0103 al Universit\u0103\u021bii \u201eAlexandru Ioan Cuza\u201d din Ia\u0219i \u0219i Muzeul National al Literaturii Rom\u00e2ne Ia\u0219i, joi, 19 ianuarie, \u00eencep\u00e2nd cu ora 17:00.<\/p>\n<p>&nbsp;<\/p>\n<p>Programul activit\u0103\u021bii:<\/p>\n<ul>\n<li><strong><em>moderator <\/em><\/strong><strong>univ.dr. Neculai Bolohan <\/strong><\/li>\n<li>La ora 17:00 va avea loc lansarea revistei Muzeului Universit\u0103\u021bii \u2013 <em>Historia Universitatis Iassiensis\u201d<\/em>, nr. XII\/2021, \u00een prezen\u021ba invita\u021bilor: Conf.univ.dr Florea Ioncioaia (Universitatea \u201eAlexandru Ioan Cuza\u201d din Ia\u0219i), CSI Leonidas Rados (Institutul de Istorie \u201eA.D. Xenopol\u201d din Ia\u0219i), dr. C\u0103t\u0103lin Boto\u0219ineanu (Serviciul Jude\u021bean al Arhivelor Na\u021bionale din Ia\u0219i).<\/li>\n<li>La ora 17:30, \u00een deschiderea vernisajului va lua cuv\u00e2ntul Prof. univ.dr. Mihai Cojocariu (Facultatea de Istorie a Universit\u0103\u021bii \u201eAlexandru Ioan Cuza\u201d din Ia\u0219i).<\/li>\n<\/ul>\n<p>\u00cen sala Muzeului Academic curatorii expozi\u021biei, dr. Vasilica M\u00eerza, dr. Ana Honcu \u0219i dr. Ana Davideanu vor prezenta conceptul expozi\u021bional \u0219i patrimoniul Unirii reflectat \u00een colec\u021biile Muzeului Universit\u0103\u021bii \u201eAlexandru Ioan Cuza\u201d din Ia\u0219i, Muzeului de Istorie Natural\u0103 \u201eAlexandru Ioan Cuza\u201d din Ia\u0219i \u0219i Muzeului Na\u021bional al Literaturii Rom\u00e2ne Ia\u0219i.<\/p>\n<p>&nbsp;<\/p>\n<p><img loading=\"lazy\" class=\"aligncenter wp-image-211 size-large\" src=\"https:\/\/muzeul.uaic.ro\/wp-content\/uploads\/2023\/01\/Afis-expozitie-Patrimoniul-Unirii-Principatelor-Romane-19-ian-2023-j-724x1024.jpg\" alt=\"\" width=\"724\" height=\"1024\" srcset=\"https:\/\/muzeul.uaic.ro\/wp-content\/uploads\/2023\/01\/Afis-expozitie-Patrimoniul-Unirii-Principatelor-Romane-19-ian-2023-j-724x1024.jpg 724w, https:\/\/muzeul.uaic.ro\/wp-content\/uploads\/2023\/01\/Afis-expozitie-Patrimoniul-Unirii-Principatelor-Romane-19-ian-2023-j-212x300.jpg 212w, https:\/\/muzeul.uaic.ro\/wp-content\/uploads\/2023\/01\/Afis-expozitie-Patrimoniul-Unirii-Principatelor-Romane-19-ian-2023-j-768x1086.jpg 768w, https:\/\/muzeul.uaic.ro\/wp-content\/uploads\/2023\/01\/Afis-expozitie-Patrimoniul-Unirii-Principatelor-Romane-19-ian-2023-j-1086x1536.jpg 1086w, https:\/\/muzeul.uaic.ro\/wp-content\/uploads\/2023\/01\/Afis-expozitie-Patrimoniul-Unirii-Principatelor-Romane-19-ian-2023-j-1448x2048.jpg 1448w, https:\/\/muzeul.uaic.ro\/wp-content\/uploads\/2023\/01\/Afis-expozitie-Patrimoniul-Unirii-Principatelor-Romane-19-ian-2023-j-scaled.jpg 1810w\" sizes=\"(max-width: 724px) 100vw, 724px\" \/><\/p>\n","protected":false},"excerpt":{"rendered":"<p>Anul 1859 face parte dintre anii mirabili din istoria Ia\u0219ului, pentru c\u0103, atunci a fost momentul \u00een care elita intelectual\u0103 \u0219i politic\u0103 a \u021b\u0103rii a reu\u0219it s\u0103 unifice for\u021bele unioniste, at\u00e2t \u00een Moldova, c\u00e2t \u0219i \u00een \u021aara Rom\u00e2neasc\u0103 \u0219i, pe [&hellip;]<\/p>\n","protected":false},"author":2,"featured_media":0,"comment_status":"open","ping_status":"open","sticky":false,"template":"","format":"standard","meta":[],"categories":[4],"tags":[],"_links":{"self":[{"href":"https:\/\/muzeul.uaic.ro\/index.php\/wp-json\/wp\/v2\/posts\/210"}],"collection":[{"href":"https:\/\/muzeul.uaic.ro\/index.php\/wp-json\/wp\/v2\/posts"}],"about":[{"href":"https:\/\/muzeul.uaic.ro\/index.php\/wp-json\/wp\/v2\/types\/post"}],"author":[{"embeddable":true,"href":"https:\/\/muzeul.uaic.ro\/index.php\/wp-json\/wp\/v2\/users\/2"}],"replies":[{"embeddable":true,"href":"https:\/\/muzeul.uaic.ro\/index.php\/wp-json\/wp\/v2\/comments?post=210"}],"version-history":[{"count":2,"href":"https:\/\/muzeul.uaic.ro\/index.php\/wp-json\/wp\/v2\/posts\/210\/revisions"}],"predecessor-version":[{"id":213,"href":"https:\/\/muzeul.uaic.ro\/index.php\/wp-json\/wp\/v2\/posts\/210\/revisions\/213"}],"wp:attachment":[{"href":"https:\/\/muzeul.uaic.ro\/index.php\/wp-json\/wp\/v2\/media?parent=210"}],"wp:term":[{"taxonomy":"category","embeddable":true,"href":"https:\/\/muzeul.uaic.ro\/index.php\/wp-json\/wp\/v2\/categories?post=210"},{"taxonomy":"post_tag","embeddable":true,"href":"https:\/\/muzeul.uaic.ro\/index.php\/wp-json\/wp\/v2\/tags?post=210"}],"curies":[{"name":"wp","href":"https:\/\/api.w.org\/{rel}","templated":true}]}}