{"id":192,"date":"2022-10-17T15:45:41","date_gmt":"2022-10-17T15:45:41","guid":{"rendered":"https:\/\/muzeul.uaic.ro\/?p=192"},"modified":"2023-01-13T11:42:48","modified_gmt":"2023-01-13T11:42:48","slug":"vizite-regale-la-universitatea-din-iasi","status":"publish","type":"post","link":"https:\/\/muzeul.uaic.ro\/index.php\/2022\/10\/17\/vizite-regale-la-universitatea-din-iasi\/","title":{"rendered":"Vizite regale la Universitatea din Ia\u0219i"},"content":{"rendered":"<div class=\"x11i5rnm xat24cr x1mh8g0r x1vvkbs xdj266r x126k92a\">\n<div dir=\"auto\">Muzeul Universit\u0103\u021bii \u201eAlexandru Ioan Cuza\u201d din Ia\u0219i \u0219i Asocia\u021bia Cultural\u0103 \u201ePatrimoniul Local Universitar \u0219i Studen\u021besc\u201d Ia\u0219i organizeaz\u0103 expozi\u021bia foto-documentar\u0103 \u201eVizite Regale la Universitatea din Ia\u0219i\u201d.<\/div>\n<div dir=\"auto\">La 100 de ani de la \u00cencoronarea Regelui Ferdinand \u0219i a Reginei Maria la Alba-Iulia, recre\u0103m momentele principale din istoria Universit\u0103\u021bii la care Familia Regal\u0103 a fost prezent\u0103. Fie c\u0103 vorbim de Punerea pietrei de temelie a Palatului de la Copou (1893), a Inaugur\u0103rii Palatului universitar (1897), S\u0103rb\u0103toririi Semicentenarului (1911) sau la participarea deschiderii cursurilor universitare (1904, 1933). Expozi\u021bia aminte\u0219te de leg\u0103turile str\u00e2nse care s-au creat de-a lungul timpului \u00eentre Universitate \u0219i Regalitate.<\/div>\n<div dir=\"auto\"><\/div>\n<\/div>\n<div class=\"x11i5rnm xat24cr x1mh8g0r x1vvkbs xtlvy1s x126k92a\">\n<div dir=\"auto\">Vernisajul expozi\u021biei va avea loc vineri, 21 octombrie 2022, ora 17.00 la Muzeul Universit\u0103\u021bii.<\/div>\n<\/div>\n<div class=\"x11i5rnm xat24cr x1mh8g0r x1vvkbs xtlvy1s x126k92a\">\n<div dir=\"auto\">Invita\u021bi:<\/div>\n<div dir=\"auto\">Conf. Univ. dr. Ionu\u021b NISTOR, Facultate de Istorie, Ia\u0219i<\/div>\n<div dir=\"auto\">C.S.II dr. Liviu BR\u0102TESCU, Institutul de Istorie \u201eA. D. Xenopol\u201d, Ia\u0219i<\/div>\n<\/div>\n<div class=\"x11i5rnm xat24cr x1mh8g0r x1vvkbs xtlvy1s x126k92a\">\n<div dir=\"auto\">Curator expozi\u021bie: Muzeograf dr. Petronela BURUIAN\u0102<\/div>\n<\/div>\n<div class=\"x11i5rnm xat24cr x1mh8g0r x1vvkbs xtlvy1s x126k92a\">\n<div dir=\"auto\">De la ora 17.30 Corala \u201eUNIVERSITAS\u201d apar\u021bin\u00e2nd Universit\u0103\u021bii \u201eAlexandru Ioan Cuza\u201d din Ia\u0219i va sus\u021bine recitalul \u201eArmonii muzicale rom\u00e2ne\u0219ti\u201d.<\/div>\n<div dir=\"auto\">Expozi\u021bia poate fi vizitat\u0103 \u00een perioada 22 octombrie 2022- 26 februarie 2023<\/div>\n<\/div>\n<div class=\"x11i5rnm xat24cr x1mh8g0r x1vvkbs xtlvy1s x126k92a\">\n<div dir=\"auto\"><img loading=\"lazy\" class=\"aligncenter wp-image-193 size-large\" src=\"https:\/\/muzeul.uaic.ro\/wp-content\/uploads\/2023\/01\/Vizite-regale-723x1024.jpg\" alt=\"\" width=\"723\" height=\"1024\" srcset=\"https:\/\/muzeul.uaic.ro\/wp-content\/uploads\/2023\/01\/Vizite-regale-723x1024.jpg 723w, https:\/\/muzeul.uaic.ro\/wp-content\/uploads\/2023\/01\/Vizite-regale-212x300.jpg 212w, https:\/\/muzeul.uaic.ro\/wp-content\/uploads\/2023\/01\/Vizite-regale-768x1088.jpg 768w, https:\/\/muzeul.uaic.ro\/wp-content\/uploads\/2023\/01\/Vizite-regale-1085x1536.jpg 1085w, https:\/\/muzeul.uaic.ro\/wp-content\/uploads\/2023\/01\/Vizite-regale.jpg 1446w\" sizes=\"(max-width: 723px) 100vw, 723px\" \/><\/div>\n<\/div>\n","protected":false},"excerpt":{"rendered":"<p>Muzeul Universit\u0103\u021bii \u201eAlexandru Ioan Cuza\u201d din Ia\u0219i \u0219i Asocia\u021bia Cultural\u0103 \u201ePatrimoniul Local Universitar \u0219i Studen\u021besc\u201d Ia\u0219i organizeaz\u0103 expozi\u021bia foto-documentar\u0103 \u201eVizite Regale la Universitatea din Ia\u0219i\u201d. La 100 de ani de la \u00cencoronarea Regelui Ferdinand \u0219i a Reginei Maria la Alba-Iulia, [&hellip;]<\/p>\n","protected":false},"author":2,"featured_media":0,"comment_status":"open","ping_status":"open","sticky":false,"template":"","format":"standard","meta":[],"categories":[4],"tags":[],"_links":{"self":[{"href":"https:\/\/muzeul.uaic.ro\/index.php\/wp-json\/wp\/v2\/posts\/192"}],"collection":[{"href":"https:\/\/muzeul.uaic.ro\/index.php\/wp-json\/wp\/v2\/posts"}],"about":[{"href":"https:\/\/muzeul.uaic.ro\/index.php\/wp-json\/wp\/v2\/types\/post"}],"author":[{"embeddable":true,"href":"https:\/\/muzeul.uaic.ro\/index.php\/wp-json\/wp\/v2\/users\/2"}],"replies":[{"embeddable":true,"href":"https:\/\/muzeul.uaic.ro\/index.php\/wp-json\/wp\/v2\/comments?post=192"}],"version-history":[{"count":2,"href":"https:\/\/muzeul.uaic.ro\/index.php\/wp-json\/wp\/v2\/posts\/192\/revisions"}],"predecessor-version":[{"id":202,"href":"https:\/\/muzeul.uaic.ro\/index.php\/wp-json\/wp\/v2\/posts\/192\/revisions\/202"}],"wp:attachment":[{"href":"https:\/\/muzeul.uaic.ro\/index.php\/wp-json\/wp\/v2\/media?parent=192"}],"wp:term":[{"taxonomy":"category","embeddable":true,"href":"https:\/\/muzeul.uaic.ro\/index.php\/wp-json\/wp\/v2\/categories?post=192"},{"taxonomy":"post_tag","embeddable":true,"href":"https:\/\/muzeul.uaic.ro\/index.php\/wp-json\/wp\/v2\/tags?post=192"}],"curies":[{"name":"wp","href":"https:\/\/api.w.org\/{rel}","templated":true}]}}