{"id":182,"date":"2022-06-15T17:38:40","date_gmt":"2022-06-15T17:38:40","guid":{"rendered":"https:\/\/muzeul.uaic.ro\/?p=182"},"modified":"2023-01-13T11:41:12","modified_gmt":"2023-01-13T11:41:12","slug":"182","status":"publish","type":"post","link":"https:\/\/muzeul.uaic.ro\/index.php\/2022\/06\/15\/182\/","title":{"rendered":"Zilele Europene ale Arheologiei la Muzeul Universit\u0103\u021bii"},"content":{"rendered":"<div class=\"x11i5rnm xat24cr x1mh8g0r x1vvkbs xdj266r x126k92a\">\n<div dir=\"auto\">\u00cen zilele de 17, 18 \u0219i 19 iunie, Muzeul Universit\u0103\u021bii v\u0103 invit\u0103 s\u0103 s\u0103rb\u0103torim \u00eempreun\u0103 Zilele Europene ale Arheologiei. Desf\u0103\u0219urat \u00een Rom\u00e2nia sub egida INP (<a class=\"x1i10hfl xjbqb8w x6umtig x1b1mbwd xaqea5y xav7gou x9f619 x1ypdohk xt0psk2 xe8uvvx xdj266r x11i5rnm xat24cr x1mh8g0r xexx8yu x4uap5 x18d9i69 xkhd6sd x16tdsg8 x1hl2dhg xggy1nq x1a2a7pz xt0b8zv x1qq9wsj xo1l8bm\" tabindex=\"0\" role=\"link\" href=\"https:\/\/www.facebook.com\/Patrimoniu?__cft__[0]=AZWNSaFffvjUJIVYlW2GTLzoVNVrZWggFzyTSfrhRoM_-O6MpDmqVkqxr_bGZt5nkZeZ8N9_5nRKE9vRFlRkPewt0OcxOVKKgMA6XTcijvYP-Wg0YM_3hbacp-cJ3qAZGnCeqIrYdvxTlUGYJNjWzWckTFvqlFHIZQyXtfEnaM7wNDwYpYCEqiNAPdcWqmM8Rqw&amp;__tn__=-]K-R\"><span class=\"xt0psk2\">Institutul Na\u021bional al Patrimoniului<\/span><\/a>), acesta vizeaz\u0103 at\u00e2t celebrarea domeniului arheologic, c\u00e2t \u0219i promovarea sa, deschiderea \u0219i explicarea acestuia c\u0103tre public.<\/div>\n<\/div>\n<div class=\"x11i5rnm xat24cr x1mh8g0r x1vvkbs xtlvy1s x126k92a\">\n<div dir=\"auto\">\u00cen cadrul acestei ini\u021biative, Muzeul Universit\u0103\u021bii se adreseaz\u0103 cu prec\u0103dere publicului t\u00e2n\u0103r, studen\u021bilor \u0219i mediului academic, dar \u0219i altor categorii de vizitatori, interesate de universul fascinant al arheologiei. Urm\u0103rim abordarea deschis\u0103, cu interac\u021biune la standuri, dar \u0219i cu prezent\u0103ri media edificatoare.<\/div>\n<\/div>\n<div class=\"x11i5rnm xat24cr x1mh8g0r x1vvkbs xtlvy1s x126k92a\">\n<div dir=\"auto\">Cei prezen\u021bi se pot bucura de tururi ghidate, prezent\u0103ri ale unor investiga\u021bii de teren, ateliere cu \u0219i despre argil\u0103, ceramic\u0103 \u0219i documentarea modern\u0103 a patrimoniului, explica\u021bii detaliate despre aspecte diverse ale arheologiei \u0219i investiga\u021biilor conexe. \u00cen abordarea direct\u0103 a vizitatorilor, Muzeul va beneficia de asisten\u021ba robotului umanoid Pepper, gra\u021biei colabor\u0103rii cu <a class=\"x1i10hfl xjbqb8w x6umtig x1b1mbwd xaqea5y xav7gou x9f619 x1ypdohk xt0psk2 xe8uvvx xdj266r x11i5rnm xat24cr x1mh8g0r xexx8yu x4uap5 x18d9i69 xkhd6sd x16tdsg8 x1hl2dhg xggy1nq x1a2a7pz xt0b8zv x1qq9wsj xo1l8bm\" tabindex=\"0\" role=\"link\" href=\"https:\/\/www.facebook.com\/IrisRoboticsTeam?__cft__[0]=AZWNSaFffvjUJIVYlW2GTLzoVNVrZWggFzyTSfrhRoM_-O6MpDmqVkqxr_bGZt5nkZeZ8N9_5nRKE9vRFlRkPewt0OcxOVKKgMA6XTcijvYP-Wg0YM_3hbacp-cJ3qAZGnCeqIrYdvxTlUGYJNjWzWckTFvqlFHIZQyXtfEnaM7wNDwYpYCEqiNAPdcWqmM8Rqw&amp;__tn__=-]K-R\"><span class=\"xt0psk2\">IRIS Robotics<\/span><\/a>.<\/div>\n<\/div>\n<div class=\"x11i5rnm xat24cr x1mh8g0r x1vvkbs xtlvy1s x126k92a\">\n<div dir=\"auto\">Mai jos se reg\u0103se\u0219te \u00eentregul program.<\/div>\n<div dir=\"auto\">V\u0103 a\u0219tept\u0103m cu drag!<img loading=\"lazy\" class=\"aligncenter wp-image-183 size-full\" src=\"https:\/\/muzeul.uaic.ro\/wp-content\/uploads\/2023\/01\/ZEA2022.jpg\" alt=\"\" width=\"1449\" height=\"2048\" srcset=\"https:\/\/muzeul.uaic.ro\/wp-content\/uploads\/2023\/01\/ZEA2022.jpg 1449w, https:\/\/muzeul.uaic.ro\/wp-content\/uploads\/2023\/01\/ZEA2022-212x300.jpg 212w, https:\/\/muzeul.uaic.ro\/wp-content\/uploads\/2023\/01\/ZEA2022-725x1024.jpg 725w, https:\/\/muzeul.uaic.ro\/wp-content\/uploads\/2023\/01\/ZEA2022-768x1085.jpg 768w, https:\/\/muzeul.uaic.ro\/wp-content\/uploads\/2023\/01\/ZEA2022-1087x1536.jpg 1087w\" sizes=\"(max-width: 1449px) 100vw, 1449px\" \/><\/div>\n<\/div>\n","protected":false},"excerpt":{"rendered":"<p>\u00cen zilele de 17, 18 \u0219i 19 iunie, Muzeul Universit\u0103\u021bii v\u0103 invit\u0103 s\u0103 s\u0103rb\u0103torim \u00eempreun\u0103 Zilele Europene ale Arheologiei. Desf\u0103\u0219urat \u00een Rom\u00e2nia sub egida INP (Institutul Na\u021bional al Patrimoniului), acesta vizeaz\u0103 at\u00e2t celebrarea domeniului arheologic, c\u00e2t \u0219i promovarea sa, deschiderea [&hellip;]<\/p>\n","protected":false},"author":2,"featured_media":0,"comment_status":"open","ping_status":"open","sticky":false,"template":"","format":"standard","meta":[],"categories":[4],"tags":[],"_links":{"self":[{"href":"https:\/\/muzeul.uaic.ro\/index.php\/wp-json\/wp\/v2\/posts\/182"}],"collection":[{"href":"https:\/\/muzeul.uaic.ro\/index.php\/wp-json\/wp\/v2\/posts"}],"about":[{"href":"https:\/\/muzeul.uaic.ro\/index.php\/wp-json\/wp\/v2\/types\/post"}],"author":[{"embeddable":true,"href":"https:\/\/muzeul.uaic.ro\/index.php\/wp-json\/wp\/v2\/users\/2"}],"replies":[{"embeddable":true,"href":"https:\/\/muzeul.uaic.ro\/index.php\/wp-json\/wp\/v2\/comments?post=182"}],"version-history":[{"count":3,"href":"https:\/\/muzeul.uaic.ro\/index.php\/wp-json\/wp\/v2\/posts\/182\/revisions"}],"predecessor-version":[{"id":200,"href":"https:\/\/muzeul.uaic.ro\/index.php\/wp-json\/wp\/v2\/posts\/182\/revisions\/200"}],"wp:attachment":[{"href":"https:\/\/muzeul.uaic.ro\/index.php\/wp-json\/wp\/v2\/media?parent=182"}],"wp:term":[{"taxonomy":"category","embeddable":true,"href":"https:\/\/muzeul.uaic.ro\/index.php\/wp-json\/wp\/v2\/categories?post=182"},{"taxonomy":"post_tag","embeddable":true,"href":"https:\/\/muzeul.uaic.ro\/index.php\/wp-json\/wp\/v2\/tags?post=182"}],"curies":[{"name":"wp","href":"https:\/\/api.w.org\/{rel}","templated":true}]}}